{"id":9911,"date":"2024-04-11T16:22:03","date_gmt":"2024-04-11T14:22:03","guid":{"rendered":"https:\/\/ambbelgrado.esteri.it\/news\/dall_ambasciata\/2024\/04\/campagna-accertamento-esistenza-in-vita-2024-2025\/"},"modified":"2024-04-11T16:23:46","modified_gmt":"2024-04-11T14:23:46","slug":"campagna-accertamento-esistenza-in-vita-2024-2025","status":"publish","type":"post","link":"https:\/\/ambbelgrado.esteri.it\/sr\/news\/dall_ambasciata\/2024\/04\/campagna-accertamento-esistenza-in-vita-2024-2025\/","title":{"rendered":"PENZIONERI &#8211; KAMPANJA POTVRDE O \u017dIVOTU 2024-2025."},"content":{"rendered":"<p>Obave\u0161tavaju se korisnici italijanskih penzija sa prebivali\u0161tem u Srbiji da se <strong>INPS<\/strong> kampanja overe potvrda o \u017eivotu za period 2024-2025 obavlja u periodu\u00a0 <strong>20. mart 2024 &#8211; 18. jul 2024.g.<\/strong><\/p>\n<p>Penzionerima koji su uklju\u010deni u kampanju banka <em>Citibank<\/em> \u0107e poslati formulare <em>Modulo di Dichiarazione di Esistenza in Vita<\/em>. Formulari treba da budu overeni i vra\u0107eni banci do 18. jula 2024.g. \u00a0U protivnom isplata penzije \u0107e biti suspendovana po\u010dev ve\u0107 od slede\u0107e rate.<\/p>\n<p>Penzioneri koji su na \u0161alterima Western Uniona u proteklih nekoliko meseci li\u010dno podigli makar jednu ratu penzije, bi\u0107e izuzeti od obaveze da po\u0161alju potvrdu o \u017eivotu.<\/p>\n<p>Potvrda o \u017eivotu mo\u017ee se overiti <strong><u>li\u010dno ili putem video-poziva<\/u><\/strong>. Za dodatne informacije o na\u010dinu slanja dokumenata i druge detalje, molimo vas da posetite odgovaraju\u0107i odeljak na na\u0161em sajtu: <a href=\"https:\/\/ambbelgrado.esteri.it\/it\/servizi-consolari-e-visti\/servizi-per-il-cittadino-italiano\/pensioni-e-sicurezza-sociale\/\">Pensioni e sicurezza sociale \u2013 Ambasciata d&#8217;Italia Belgrado (esteri.it)<\/a>.<\/p>\n<p>Za prijavu eventualnih nepravilnosti, kao \u0161to je izostanak prispe\u0107a po\u0161iljke, kao i za druga eventualna pitanja, penzioneri mogu kontaktirati direktno <em>Slu\u017ebu za podr\u0161ku<\/em>, i to na slede\u0107i na\u010din:<\/p>\n<ul>\n<li>posetom internet stranici <a href=\"http:\/\/www.inps.citi.com\/\">www.inps.citi.com<\/a><\/li>\n<li>slanjem e-maila na adresu <a href=\"mailto:inps.pensionati@citi.com\">inps.pensionati@citi.com<\/a><\/li>\n<li>pozivanjem na telefon broj 0039\/02\/6943 0693 (svakog radnog dana od 8.00 do 20.00 \u010dasova po italijanskom vremenu).<\/li>\n<\/ul>\n","protected":false},"excerpt":{"rendered":"Obave\u0161tavaju se korisnici italijanskih penzija sa prebivali\u0161tem u Srbiji da se INPS kampanja overe potvrda o \u017eivotu za period 2024-2025 obavlja u periodu\u00a0 20. mart 2024 &#8211; 18. jul 2024.g. Penzionerima koji su uklju\u010deni u kampanju banka Citibank \u0107e poslati formulare Modulo di Dichiarazione di Esistenza in Vita. Formulari treba da budu overeni i vra\u0107eni [&hellip;]","protected":false},"author":6,"featured_media":9188,"comment_status":"closed","ping_status":"closed","sticky":false,"template":"","format":"standard","meta":{"footnotes":""},"tags":[12],"class_list":["post-9911","post","type-post","status-publish","format-standard","has-post-thumbnail","hentry","tag-italiani-nel-mondo"],"_links":{"self":[{"href":"https:\/\/ambbelgrado.esteri.it\/sr\/wp-json\/wp\/v2\/posts\/9911","targetHints":{"allow":["GET"]}}],"collection":[{"href":"https:\/\/ambbelgrado.esteri.it\/sr\/wp-json\/wp\/v2\/posts"}],"about":[{"href":"https:\/\/ambbelgrado.esteri.it\/sr\/wp-json\/wp\/v2\/types\/post"}],"author":[{"embeddable":true,"href":"https:\/\/ambbelgrado.esteri.it\/sr\/wp-json\/wp\/v2\/users\/6"}],"replies":[{"embeddable":true,"href":"https:\/\/ambbelgrado.esteri.it\/sr\/wp-json\/wp\/v2\/comments?post=9911"}],"version-history":[{"count":1,"href":"https:\/\/ambbelgrado.esteri.it\/sr\/wp-json\/wp\/v2\/posts\/9911\/revisions"}],"predecessor-version":[{"id":9912,"href":"https:\/\/ambbelgrado.esteri.it\/sr\/wp-json\/wp\/v2\/posts\/9911\/revisions\/9912"}],"wp:featuredmedia":[{"embeddable":true,"href":"https:\/\/ambbelgrado.esteri.it\/sr\/wp-json\/wp\/v2\/media\/9188"}],"wp:attachment":[{"href":"https:\/\/ambbelgrado.esteri.it\/sr\/wp-json\/wp\/v2\/media?parent=9911"}],"wp:term":[{"taxonomy":"post_tag","embeddable":true,"href":"https:\/\/ambbelgrado.esteri.it\/sr\/wp-json\/wp\/v2\/tags?post=9911"}],"curies":[{"name":"wp","href":"https:\/\/api.w.org\/{rel}","templated":true}]}}