{"id":9866,"date":"2024-04-10T15:51:10","date_gmt":"2024-04-10T13:51:10","guid":{"rendered":"https:\/\/ambbelgrado.esteri.it\/?p=9866"},"modified":"2024-04-10T15:55:06","modified_gmt":"2024-04-10T13:55:06","slug":"italija-srbija-sistemska-poseta-rumi-i-indiji","status":"publish","type":"post","link":"https:\/\/ambbelgrado.esteri.it\/sr\/news\/dall_ambasciata\/2024\/04\/italija-srbija-sistemska-poseta-rumi-i-indiji\/","title":{"rendered":"ITALIJA \u2013 SRBIJA: SISTEMSKA POSETA RUMI I IN\u0110IJI"},"content":{"rendered":"<p>Ambasador Italije u Srbiji Luka Gori boravio je danas u poseti Rumi i In\u0111iji, zajedno sa predsednikom Konfindustrije Srbija Patriciom Dei Tos, kao i sa Komorom italijansko-srpskih privrednika. Delegacija se sastala sa italijanskim preduzetnicima koji posluju u ovoj oblasti i posetila neke od proizvodnih pogona u okru\u017eenju, kao \u0161to su \u201eLa Linea Verde\u201c, \u201eFalc East\u201c i \u201eFarmina Pet Foods\u201c. Ambasadora je primio i predsednik op\u0161tine In\u0111ija Vladimir Gak, sa kojim je razgovarao o doprinosu italijanskih kompanija razvoju ovog kraja i moguc\u0301oj buduc\u0301oj saradnji u oblasti privrede.<\/p>\n<p>Ova poseta deo je periodi\u010dnih poseta \u201eSistema Italije\u201c podru\u010djima Srbije sa najvec\u0301om koncentracijom italijanskih kompanija.<\/p>\n<p>\u201ePreko 20 italijanskih kompanija posluje u Rumi, In\u0111iji i okolnim mestima, u mnogim sektorima: od poljoprivredne proizvodnje preko hrane za \u017eivotinje pa sve do tekstila. Ove kompanije su mudro ulagale i postale lideri u sektorima u kojima posluju\u201c, izjavio je ambasador Gori. \u201eDanas, uz istovremeno prisustvo Ambasade, Komore italijansko-spskih privrednika i Konfindustrije Srbija \u2013 dodao je Gori \u2013 potvr\u0111ujemo dinami\u010dnu podr\u0161ku koju Sistem Italije obezbe\u0111uje svim svojim kompanijama aktivnim u Srbiji.<\/p>\n<p>&nbsp;<\/p>\n<p><strong>\u00a0<\/strong><\/p>\n<p>&nbsp;<\/p>\n<p>&nbsp;<\/p>\n","protected":false},"excerpt":{"rendered":"Ambasador Italije u Srbiji Luka Gori boravio je danas u poseti Rumi i In\u0111iji, zajedno sa predsednikom Konfindustrije Srbija Patriciom Dei Tos, kao i sa Komorom italijansko-srpskih privrednika. Delegacija se sastala sa italijanskim preduzetnicima koji posluju u ovoj oblasti i posetila neke od proizvodnih pogona u okru\u017eenju, kao \u0161to su \u201eLa Linea Verde\u201c, \u201eFalc East\u201c [&hellip;]","protected":false},"author":7,"featured_media":9854,"comment_status":"closed","ping_status":"closed","sticky":false,"template":"","format":"standard","meta":{"footnotes":""},"tags":[],"class_list":["post-9866","post","type-post","status-publish","format-standard","has-post-thumbnail","hentry"],"_links":{"self":[{"href":"https:\/\/ambbelgrado.esteri.it\/sr\/wp-json\/wp\/v2\/posts\/9866","targetHints":{"allow":["GET"]}}],"collection":[{"href":"https:\/\/ambbelgrado.esteri.it\/sr\/wp-json\/wp\/v2\/posts"}],"about":[{"href":"https:\/\/ambbelgrado.esteri.it\/sr\/wp-json\/wp\/v2\/types\/post"}],"author":[{"embeddable":true,"href":"https:\/\/ambbelgrado.esteri.it\/sr\/wp-json\/wp\/v2\/users\/7"}],"replies":[{"embeddable":true,"href":"https:\/\/ambbelgrado.esteri.it\/sr\/wp-json\/wp\/v2\/comments?post=9866"}],"version-history":[{"count":1,"href":"https:\/\/ambbelgrado.esteri.it\/sr\/wp-json\/wp\/v2\/posts\/9866\/revisions"}],"predecessor-version":[{"id":9868,"href":"https:\/\/ambbelgrado.esteri.it\/sr\/wp-json\/wp\/v2\/posts\/9866\/revisions\/9868"}],"wp:featuredmedia":[{"embeddable":true,"href":"https:\/\/ambbelgrado.esteri.it\/sr\/wp-json\/wp\/v2\/media\/9854"}],"wp:attachment":[{"href":"https:\/\/ambbelgrado.esteri.it\/sr\/wp-json\/wp\/v2\/media?parent=9866"}],"wp:term":[{"taxonomy":"post_tag","embeddable":true,"href":"https:\/\/ambbelgrado.esteri.it\/sr\/wp-json\/wp\/v2\/tags?post=9866"}],"curies":[{"name":"wp","href":"https:\/\/api.w.org\/{rel}","templated":true}]}}