{"id":9095,"date":"2023-12-06T11:57:08","date_gmt":"2023-12-06T10:57:08","guid":{"rendered":"https:\/\/ambbelgrado.esteri.it\/news\/dall_ambasciata\/2023\/12\/italia-serbia-aperto-il-forum-dellinnovazione-italia-serbia\/"},"modified":"2023-12-06T12:00:42","modified_gmt":"2023-12-06T11:00:42","slug":"italia-serbia-aperto-il-forum-dellinnovazione-italia-serbia","status":"publish","type":"post","link":"https:\/\/ambbelgrado.esteri.it\/sr\/news\/dall_ambasciata\/2023\/12\/italia-serbia-aperto-il-forum-dellinnovazione-italia-serbia\/","title":{"rendered":"ITALIJA \u2013 SRBIJA: OTVOREN INOVACIONI FORUM ITALIJA-SRBIJA"},"content":{"rendered":"<p>Ju\u010de je u Beogradu, u prisustvu predsednika regije Lombardija, Atilija Fontane, ministarke nauke, tehnolo\u0161kog razvoja i inovacija Republike Srbije, Jelene Begovic\u0301 i ministra informisanja i telekomunikacija Mihaila Jovanovic\u0301a, otvoren Inovacioni forum Italija-Srbija. Ovaj doga\u0111aj ekonomske i nau\u010dne saradnje, posvec\u0301en svetu inovacija i startapa u Italiji i Srbiji, koji za cilj ima promovisanje interakcije izme\u0111u sistema dve zemlje, organizovale su Ambasada Italije u Srbiji i Agencija ICE u Beogradu, u saradnji sa Ministarstvom nauke, tehnolo\u0161kog razvoja i inovacija i Ministarstvom informisanja i telekomunikacija Republike Srbije, Privrednom komorom Srbije &#8211; PKS, Impact Hub Beograd i We Make Future Rimini. Specijalni partner inicijative je Regija Lombardija koja se mo\u017ee pohvaliti jednim od najnaprednijih inovativnih ekosistema u Italiji i koja je u\u010destvovala sa brojnom delegacijom koju su \u010dinili: Andrea Sianezi, predsednik Fondacije <em>Politecnico di Milano<\/em>, \u0110or\u0111o Zampereti sa Univerziteta Insubrija, Igor De Bjazio, direktor kompanije <em>AREXPO<\/em>, Alberto Mina, predsednik Fondacije za inovacije i transfer tehnologije (FITT), Andrea Sotoriva, rukovodilac Istra\u017eiva\u010dkog centra za ra\u010dunarsku biologiju <em>Human Technopole<\/em>, Vitorio Bjondi, generalni direktor <em>MUSA Scarl<\/em> i Jakopo Boreli, direkcija za marketing UCIMU\u2013 Sistemi za proizvodnju. Tokom doga\u0111aja potpisana su 3 sporazuma o saradnji u oblasti istra\u017eivanja i inovacija, izme\u0111u AREXPO i Nau\u010dno-tehnolo\u0161kog parka Novi Sad, izme\u0111u Univerziteta Insubrija i Univerziteta u Beogradu, Novom Sadu i Ni\u0161u, kao i izme\u0111u Nau\u010dnog parka AREA iz Trsta i Nau\u010dno-tehnolo\u0161kih parkova iz Beograda, Ni\u0161a, Novog Sada i \u010ca\u010dka.<\/p>\n<p>Forum, koji se bavi temama agrotehnologije, zelene i energetske tranzicije, ve\u0161ta\u010dke inteligencije i odr\u017eive mobilnosti, traje dva dana i podeljen je na brojne panele posvec\u0301ene predstavljanju mogu\u0107nosti bilateralne saradnje u sektoru tehnolo\u0161kih inovacija izme\u0111u Italije i Srbije, moguc\u0301nosti koje nude inovacioni ekosistemi dve zemlje, moguc\u0301nosti ulaganja za rizi\u010dni kapital (venture capital) i moguc\u0301nosti inkubacije za startape. Odr\u017eac\u0301e se i sesija inspirativnih govora, kao i <em>pitching<\/em> sesija srpskih startapova namenjena italijanskim investitorima. Vi\u0161e od 35 italijanskih aktera inovacionog sistema bic\u0301e prisutno i u\u010destvovac\u0301e u sesiji posvec\u0301enoj povezivanju sa srpskim inovacionim sistemom.<\/p>\n<p>\u201eSaradnja Lombardija-Srbija pru\u017ea priliku za pro\u0161irenje partnerstva u cilju integracije zajedni\u010dkih inovacionih projekata u evropske krugove, pobolj\u0161avaju\u0107i ekonomsku konkurentnost i otvaraju\u0107i vrata novim razvojnim moguc\u0301nostima. Konkretno danas, kao sistem Lombardija, potpisujemo dva sporazuma od strate\u0161kog zna\u010daja. Jedan je partnerstvo izme\u0111u Univerziteta Insubrija i Univerziteta u Beogradu, Novom Sadu i Ni\u0161u, radi unapre\u0111enja akademske i nau\u010dne saradnje. Drugi, u oblasti istra\u017eivanja, znanja i inovacija izme\u0111u lombardijske kompanije Arexpo i Nau\u010dno-tehnolo\u0161kog parka Novi Sad. Cilj je razvoj zajedni\u010dkih inovacionih projekata i programa obuke i razmene talenata. Arexpo vodi i promovi\u0161e Mind, tehnolo\u0161ki park nastao na izlo\u017ebenom mestu Expo 2015, koji ima za cilj da postane jedan od najva\u017enijih centara u Evropi u oblasti nauka o \u017eivotu. Danas bih \u017eeleo da istaknem geopoliti\u010dki zna\u010daj pribli\u017eavanja Srbije Evropskoj uniji: Beograd, svojom ulogom lidera u regionu, mo\u017ee zna\u010dajno da doprinese ja\u010doj i kohezivnijoj Uniji\u201c, izjavio je predsednik regije Lombardija Atilio Fontana.<\/p>\n<p>Otvarajuc\u0301i doga\u0111aj, ambasador Italije u Srbiji Luka Gori podsetio je da je \u201eInovacioni forum dodatni korak u procesu obnove ekonomskih odnosa Italije i Srbije koja se fokusira na sektore sa visokim tehnolo\u0161kim sadr\u017eajem. Ovaj proces zapo\u010det je organizovanjem Poslovno-nau\u010dnog foruma u martu ove godine, koji je nastao na inicijativu potpredsednika Saveta ministara i ministra spoljnih poslova i me\u0111unarodne saradnje, Antonija Tajanija. Italija \u2013 dodao je Gori \u2013 duboko veruje u partnerstvo sa Beogradom, \u0161to je pokazala i poseta predsednika Saveta ministara \u0110or\u0111e Meloni pre nekoliko dana.\u201d<\/p>\n<p>\u201eForum se nadovezuje na aktivnosti koje je u poslednje dve godine sprovela na\u0161a kancelarija u oblastima kao \u0161to su agrotehnologije i \u017eivotna sredina. Samim tim Inovacioni forum je usko povezan sa Poslovnim forumom odr\u017eanim u martu. Na\u0161 glavni cilj je da se omogu\u0107e susreti italijanskih akceleratora, inkubatora i rizi\u010dnog kapitala specijalizovanih za sektore kao \u0161to su agrotehnologije i pametni gradovi sa srpskim startapovima i inovativnim kompanijama. O\u010dekujemo da c\u0301e ovo partnerstvo omogu\u0107iti razvoj inovativnih re\u0161enja, dodatno osna\u017euju\u0107i trgovinske odnose izme\u0111u na\u0161e dve zemlje\u201c, istakao je direktor Agencije ICE u Beogradu Antonio Ventreska.<\/p>\n<p>&nbsp;<\/p>\n<p>&nbsp;<\/p>\n","protected":false},"excerpt":{"rendered":"Ju\u010de je u Beogradu, u prisustvu predsednika regije Lombardija, Atilija Fontane, ministarke nauke, tehnolo\u0161kog razvoja i inovacija Republike Srbije, Jelene Begovic\u0301 i ministra informisanja i telekomunikacija Mihaila Jovanovic\u0301a, otvoren Inovacioni forum Italija-Srbija. Ovaj doga\u0111aj ekonomske i nau\u010dne saradnje, posvec\u0301en svetu inovacija i startapa u Italiji i Srbiji, koji za cilj ima promovisanje interakcije izme\u0111u sistema [&hellip;]","protected":false},"author":7,"featured_media":9068,"comment_status":"closed","ping_status":"closed","sticky":false,"template":"","format":"standard","meta":{"footnotes":""},"tags":[],"class_list":["post-9095","post","type-post","status-publish","format-standard","has-post-thumbnail","hentry"],"_links":{"self":[{"href":"https:\/\/ambbelgrado.esteri.it\/sr\/wp-json\/wp\/v2\/posts\/9095","targetHints":{"allow":["GET"]}}],"collection":[{"href":"https:\/\/ambbelgrado.esteri.it\/sr\/wp-json\/wp\/v2\/posts"}],"about":[{"href":"https:\/\/ambbelgrado.esteri.it\/sr\/wp-json\/wp\/v2\/types\/post"}],"author":[{"embeddable":true,"href":"https:\/\/ambbelgrado.esteri.it\/sr\/wp-json\/wp\/v2\/users\/7"}],"replies":[{"embeddable":true,"href":"https:\/\/ambbelgrado.esteri.it\/sr\/wp-json\/wp\/v2\/comments?post=9095"}],"version-history":[{"count":1,"href":"https:\/\/ambbelgrado.esteri.it\/sr\/wp-json\/wp\/v2\/posts\/9095\/revisions"}],"predecessor-version":[{"id":9098,"href":"https:\/\/ambbelgrado.esteri.it\/sr\/wp-json\/wp\/v2\/posts\/9095\/revisions\/9098"}],"wp:featuredmedia":[{"embeddable":true,"href":"https:\/\/ambbelgrado.esteri.it\/sr\/wp-json\/wp\/v2\/media\/9068"}],"wp:attachment":[{"href":"https:\/\/ambbelgrado.esteri.it\/sr\/wp-json\/wp\/v2\/media?parent=9095"}],"wp:term":[{"taxonomy":"post_tag","embeddable":true,"href":"https:\/\/ambbelgrado.esteri.it\/sr\/wp-json\/wp\/v2\/tags?post=9095"}],"curies":[{"name":"wp","href":"https:\/\/api.w.org\/{rel}","templated":true}]}}