{"id":8503,"date":"2013-06-25T08:50:13","date_gmt":"2013-06-25T06:50:13","guid":{"rendered":"https:\/\/ambbelgrado.esteri.it\/news\/dall_ambasciata\/2013\/06\/visite-nel-2012-2\/"},"modified":"2013-06-25T08:50:13","modified_gmt":"2013-06-25T06:50:13","slug":"visite-nel-2012-2","status":"publish","type":"post","link":"https:\/\/ambbelgrado.esteri.it\/sr\/news\/dall_ambasciata\/2013\/06\/visite-nel-2012-2\/","title":{"rendered":"ZVANI\u010cNE POSETE U 2012. GODINI"},"content":{"rendered":"<p><P style=\"MARGIN: 0cm 0cm 0pt; mso-margin-top-alt: auto; mso-margin-bottom-alt: auto\" class=\"MsoNormal\"><SPAN style=\"FONT-STYLE: normal; FONT-FAMILY: Verdana; COLOR: #385268; FONT-SIZE: 8pt; mso-bidi-font-family: 'Times New Roman'\"><STRONG>8. februar \u2013 Beograd<BR>Poseta predsednika Poslani\u010dkog doma \u0110anfranka Finija<?xml:namespace prefix = \"o\" ns = \"urn:schemas-microsoft-com:office:office\" \/><o:p><\/o:p><\/STRONG><\/SPAN><\/P><P style=\"MARGIN: 0cm 0cm 0pt; mso-margin-top-alt: auto; mso-margin-bottom-alt: auto\" class=\"MsoNormal\"><SPAN style=\"FONT-STYLE: normal; FONT-WEIGHT: normal; mso-bidi-font-family: 'Times New Roman'\"><o:p><FONT color=\"#000000\" size=\"3\" face=\"Times New Roman\">\u00a0<\/FONT><\/o:p><\/SPAN><\/P><br \/>\n<P style=\"MARGIN: 0cm 0cm 0pt; mso-margin-top-alt: auto; mso-margin-bottom-alt: auto\" class=\"MsoNormal\"><SPAN style=\"FONT-STYLE: normal; FONT-WEIGHT: normal; mso-bidi-font-family: 'Times New Roman'\"><FONT color=\"#000000\" size=\"3\" face=\"Times New Roman\"><IMG style=\"WIDTH: 260px; HEIGHT: 170px\" border=\"0\" alt=\"photo Tadic Monti\" src=\"\/resource\/2013\/07\/MontiTadicIIVertice.jpg\" width=\"240\" height=\"88\"><\/FONT><\/SPAN><\/P><br \/>\n<P style=\"MARGIN: 0cm 0cm 0pt; mso-margin-top-alt: auto; mso-margin-bottom-alt: auto\" class=\"MsoNormal\"><SPAN style=\"FONT-STYLE: normal; FONT-WEIGHT: normal; mso-bidi-font-family: 'Times New Roman'\"><\/SPAN>\u00a0<\/P><br \/>\n<P style=\"MARGIN: 0cm 0cm 0pt\" class=\"MsoNormal\"><SPAN style=\"FONT-STYLE: normal; FONT-FAMILY: 'Courier New'; COLOR: #385268; FONT-SIZE: 10pt; FONT-WEIGHT: normal\"><A title=\"Secondo Vertice intergovernativo italo-serbo\" href=\"rver\/Channels\/Ambasciata_Belgrado\/Secondo Vertice intergovernativo italo serbo.html\"><SPAN style=\"mso-bidi-font-size: 12.0pt\">Drugi italijansko-srpski me\u0111udr\u017eavni samit<\/SPAN><BR><SPAN style=\"mso-bidi-font-size: 12.0pt\">Beograd, 8. mart 2012<\/SPAN><\/A>.<\/SPAN><SPAN style=\"FONT-STYLE: normal; COLOR: #385268; FONT-WEIGHT: normal; mso-bidi-font-family: 'Times New Roman'\"><o:p><\/o:p><\/SPAN><\/P><br \/>\n<P style=\"MARGIN: 0cm 0cm 0pt\" class=\"MsoNormal\"><SPAN style=\"FONT-STYLE: normal; COLOR: #385268; FONT-WEIGHT: normal; mso-bidi-font-family: 'Times New Roman'\"><FONT size=\"3\"><FONT face=\"Times New Roman\">\u00a0<o:p><\/o:p><\/FONT><\/FONT><\/SPAN><\/P><br \/>\n<P style=\"MARGIN: 0cm 0cm 0pt; mso-margin-top-alt: auto; mso-margin-bottom-alt: auto\" class=\"MsoNormal\"><SPAN style=\"FONT-STYLE: normal; FONT-FAMILY: Verdana; COLOR: #385268; FONT-SIZE: 8pt; mso-bidi-font-family: 'Times New Roman'\"><\/SPAN><SPAN style=\"FONT-STYLE: normal; FONT-WEIGHT: normal; mso-bidi-font-family: 'Times New Roman'\"><o:p><\/o:p><\/SPAN><\/P><br \/>\n<P style=\"MARGIN: 0cm 0cm 0pt; mso-margin-top-alt: auto; mso-margin-bottom-alt: auto\" class=\"MsoNormal\"><STRONG><SPAN style=\"FONT-STYLE: normal; FONT-FAMILY: Verdana; COLOR: #385268; FONT-SIZE: 8pt; mso-bidi-font-family: 'Times New Roman'\"><\/SPAN><\/STRONG>\u00a0<\/P><br \/>\n<P style=\"MARGIN: 0cm 0cm 0pt; mso-margin-top-alt: auto; mso-margin-bottom-alt: auto\" class=\"MsoNormal\"><STRONG><SPAN style=\"FONT-STYLE: normal; FONT-FAMILY: Verdana; COLOR: #385268; FONT-SIZE: 8pt; mso-bidi-font-family: 'Times New Roman'\"><IMG style=\"WIDTH: 264px; HEIGHT: 161px\" border=\"0\" alt=\"photo Mrkic Terzi\" src=\"\/resource\/2013\/07\/FotoMrkicTerzi2012.jpg\" width=\"312\" height=\"530\"><\/SPAN><\/STRONG><\/P><br \/>\n<P style=\"MARGIN: 0cm 0cm 0pt; mso-margin-top-alt: auto; mso-margin-bottom-alt: auto\" class=\"MsoNormal\"><STRONG><SPAN style=\"FONT-STYLE: normal; FONT-FAMILY: Verdana; COLOR: #385268; FONT-SIZE: 8pt; mso-bidi-font-family: 'Times New Roman'\">Poseta Beogradu ministra spoljnih poslova \u0110ulija Tercija (30. jul 2012.)<\/SPAN><SPAN style=\"FONT-STYLE: normal; FONT-WEIGHT: normal; mso-bidi-font-family: 'Times New Roman'\"><o:p><\/o:p><\/SPAN><\/STRONG><\/P><br \/>\n<P style=\"MARGIN: 0cm 0cm 0pt; mso-margin-top-alt: auto; mso-margin-bottom-alt: auto\" class=\"MsoNormal\"><SPAN style=\"FONT-STYLE: normal; FONT-FAMILY: Verdana; COLOR: #385268; FONT-SIZE: 8pt; mso-bidi-font-family: 'Times New Roman'\"><A title=\"Rassegna Stampa Serba\" href=\"\/resource\/2012\/08\/bliz.pdf\"><SPAN style=\"mso-bidi-font-size: 12.0pt\"><STRONG>Pregled srpske \u0161tamp<\/STRONG><\/SPAN><\/A><STRONG>e<BR><\/STRONG><A title=\"Lanci Agenzie Stampa Serba\" href=\"\/resource\/2012\/08\/Agenziedistampaserbe.zip\"><SPAN style=\"mso-bidi-font-size: 12.0pt\"><STRONG>Vesti srpski novinskih agencija<\/STRONG><\/SPAN><\/A><\/SPAN><SPAN style=\"FONT-STYLE: normal; FONT-WEIGHT: normal; mso-bidi-font-family: 'Times New Roman'\"><o:p><\/o:p><\/SPAN><\/P><br \/>\n<P style=\"MARGIN: 0cm 0cm 0pt; mso-margin-top-alt: auto; mso-margin-bottom-alt: auto\" class=\"MsoNormal\"><SPAN style=\"FONT-STYLE: normal; FONT-FAMILY: Verdana; COLOR: #385268; FONT-SIZE: 8pt; mso-bidi-font-family: 'Times New Roman'\"><A title=\"Rassegna Stampa Italiana\" href=\"\/resource\/2012\/08\/RassegnaStampaItaliana.zip\"><SPAN style=\"mso-bidi-font-size: 12.0pt\"><STRONG>Pregled italijanske \u0161tampe<\/STRONG><\/SPAN><\/A><BR><\/SPAN><STRONG><U><SPAN style=\"FONT-STYLE: normal; FONT-FAMILY: Verdana; COLOR: blue; FONT-SIZE: 8pt; mso-bidi-font-family: 'Times New Roman'; mso-bidi-font-size: 12.0pt\">Vesti italijanskih novinskih agencija <\/SPAN><\/U><SPAN style=\"FONT-STYLE: normal; FONT-WEIGHT: normal; mso-bidi-font-family: 'Times New Roman'\"><o:p><\/o:p><\/SPAN><\/STRONG><\/P><br \/>\n<P style=\"MARGIN: 0cm 0cm 0pt; mso-margin-top-alt: auto; mso-margin-bottom-alt: auto\" class=\"MsoNormal\"><SPAN style=\"FONT-STYLE: normal; FONT-FAMILY: Verdana; COLOR: #385268; FONT-SIZE: 8pt; FONT-WEIGHT: normal; mso-bidi-font-family: 'Times New Roman'\">\u00a0<o:p><\/o:p><\/SPAN><\/P><br \/>\n<P style=\"MARGIN: 0cm 0cm 0pt\" class=\"MsoNormal\"><SPAN style=\"FONT-STYLE: normal; FONT-FAMILY: 'Courier New'; COLOR: #385268; FONT-SIZE: 10pt; FONT-WEIGHT: normal\"><\/SPAN>\u00a0<\/P><br \/>\n<P style=\"MARGIN: 0cm 0cm 0pt\" class=\"MsoNormal\"><SPAN style=\"FONT-STYLE: normal; FONT-FAMILY: 'Courier New'; COLOR: #385268; FONT-SIZE: 10pt; FONT-WEIGHT: normal\"><IMG style=\"WIDTH: 274px; HEIGHT: 167px\" border=\"0\" alt=\"photo Nikolic Napolitano\" src=\"\/resource\/2013\/07\/FotoNikolicNapolitano2012.jpg\" width=\"274\" height=\"219\"><\/SPAN><\/P><br \/>\n<P style=\"MARGIN: 0cm 0cm 0pt\" class=\"MsoNormal\"><SPAN style=\"FONT-STYLE: normal; FONT-FAMILY: 'Courier New'; COLOR: #385268; FONT-SIZE: 10pt; FONT-WEIGHT: normal\"><A title=\"Visita a Roma del Presidente della Repubblica di Serbia, Tomislav Nikolic (9 ottobre 2012)\" href=\"\/resource\/2012\/11\/NikolicaRomaRassegnastampaserba.pdf\"><SPAN style=\"mso-bidi-font-size: 12.0pt\">Poseta Rimu predsednika Republike Srbije Tomislava Nikoli\u0107a(9. oktobar 2012.)<\/SPAN><\/A><\/SPAN><SPAN style=\"FONT-STYLE: normal; COLOR: #385268; FONT-WEIGHT: normal; mso-bidi-font-family: 'Times New Roman'\"><o:p><\/o:p><\/SPAN><\/P><br \/>\n<P style=\"MARGIN: 0cm 0cm 0pt\" class=\"MsoNormal\"><SPAN style=\"FONT-STYLE: normal; COLOR: #385268; FONT-WEIGHT: normal; mso-bidi-font-family: 'Times New Roman'\"><FONT size=\"3\"><FONT face=\"Times New Roman\">\u00a0<o:p><\/o:p><\/FONT><\/FONT><\/SPAN><\/P><br \/>\n<P style=\"MARGIN: 0cm 0cm 0pt; mso-margin-top-alt: auto; mso-margin-bottom-alt: auto\" class=\"MsoNormal\"><SPAN style=\"FONT-STYLE: normal; FONT-FAMILY: Verdana; COLOR: #385268; FONT-SIZE: 8pt; FONT-WEIGHT: normal; mso-bidi-font-family: 'Times New Roman'\"><o:p><\/o:p><\/SPAN><\/P><br \/>\n<P style=\"MARGIN: 0cm 0cm 0pt; mso-margin-top-alt: auto; mso-margin-bottom-alt: auto\" class=\"MsoNormal\"><SPAN style=\"FONT-STYLE: normal; FONT-FAMILY: 'Courier New'; COLOR: #385268; FONT-SIZE: 10pt; FONT-WEIGHT: normal\"><\/SPAN>\u00a0<\/P><br \/>\n<P style=\"MARGIN: 0cm 0cm 0pt; mso-margin-top-alt: auto; mso-margin-bottom-alt: auto\" class=\"MsoNormal\"><SPAN style=\"FONT-STYLE: normal; FONT-FAMILY: 'Courier New'; COLOR: #385268; FONT-SIZE: 10pt; FONT-WEIGHT: normal\"><IMG style=\"WIDTH: 283px; HEIGHT: 184px\" border=\"0\" alt=\"photo Dacic Napolitano\" src=\"\/resource\/2013\/07\/FotoDacicNapolitano2012.jpg\" width=\"353\" height=\"432\"><\/SPAN><\/P><br \/>\n<P style=\"MARGIN: 0cm 0cm 0pt; mso-margin-top-alt: auto; mso-margin-bottom-alt: auto\" class=\"MsoNormal\"><SPAN style=\"FONT-STYLE: normal; FONT-FAMILY: 'Courier New'; COLOR: #385268; FONT-SIZE: 10pt; FONT-WEIGHT: normal\"><A title=\"Visita a Roma del Primo Ministro e Ministro dell\u2019Interno della Repubblica di Serbia, Ivica Dacic (5-6 novembre 2012)\" href=\"\/resource\/2012\/11\/VisitaaRomadelPrimoMinistroeMinistrodellInternodel.pdf\"><SPAN style=\"mso-bidi-font-size: 12.0pt\">Poseta Rimu predsednika Vlade i ministra unutra\u0161njih poslova Republike Srbije Ivice Da\u010di\u0107a(5-6 novembar 2012.)<\/SPAN><\/A><\/SPAN><SPAN style=\"FONT-STYLE: normal; FONT-FAMILY: Verdana; COLOR: #385268; FONT-SIZE: 8pt; FONT-WEIGHT: normal; mso-bidi-font-family: 'Times New Roman'\"><o:p><\/o:p><\/SPAN><\/P><br \/>\n<P style=\"MARGIN: 0cm 0cm 0pt; mso-margin-top-alt: auto; mso-margin-bottom-alt: auto\" class=\"MsoNormal\"><SPAN style=\"FONT-STYLE: normal; FONT-FAMILY: Verdana; COLOR: #385268; FONT-SIZE: 8pt; FONT-WEIGHT: normal; mso-bidi-font-family: 'Times New Roman'\">\u00a0<o:p><\/o:p><\/SPAN><\/P><br \/>\n<P style=\"MARGIN: 0cm 0cm 0pt\" class=\"MsoNormal\"><o:p><STRONG><EM><FONT color=\"#000000\" size=\"3\" face=\"Times New Roman\">\u00a0<\/FONT><\/EM><\/STRONG><\/o:p><\/P><\/p>\n","protected":false},"excerpt":{"rendered":"8. februar \u2013 BeogradPoseta predsednika Poslani\u010dkog doma \u0110anfranka Finija\u00a0 \u00a0 Drugi italijansko-srpski me\u0111udr\u017eavni samitBeograd, 8. mart 2012. \u00a0 \u00a0 Poseta Beogradu ministra spoljnih poslova \u0110ulija Tercija (30. jul 2012.) Pregled srpske \u0161tampeVesti srpski novinskih agencija Pregled italijanske \u0161tampeVesti italijanskih novinskih agencija \u00a0 \u00a0 Poseta Rimu predsednika Republike Srbije Tomislava Nikoli\u0107a(9. oktobar 2012.) \u00a0 \u00a0 Poseta [&hellip;]","protected":false},"author":1,"featured_media":0,"comment_status":"","ping_status":"","sticky":false,"template":"","format":"standard","meta":{"footnotes":""},"tags":[],"class_list":["post-8503","post","type-post","status-publish","format-standard","hentry"],"_links":{"self":[{"href":"https:\/\/ambbelgrado.esteri.it\/sr\/wp-json\/wp\/v2\/posts\/8503","targetHints":{"allow":["GET"]}}],"collection":[{"href":"https:\/\/ambbelgrado.esteri.it\/sr\/wp-json\/wp\/v2\/posts"}],"about":[{"href":"https:\/\/ambbelgrado.esteri.it\/sr\/wp-json\/wp\/v2\/types\/post"}],"author":[{"embeddable":true,"href":"https:\/\/ambbelgrado.esteri.it\/sr\/wp-json\/wp\/v2\/users\/1"}],"replies":[{"embeddable":true,"href":"https:\/\/ambbelgrado.esteri.it\/sr\/wp-json\/wp\/v2\/comments?post=8503"}],"version-history":[{"count":0,"href":"https:\/\/ambbelgrado.esteri.it\/sr\/wp-json\/wp\/v2\/posts\/8503\/revisions"}],"wp:attachment":[{"href":"https:\/\/ambbelgrado.esteri.it\/sr\/wp-json\/wp\/v2\/media?parent=8503"}],"wp:term":[{"taxonomy":"post_tag","embeddable":true,"href":"https:\/\/ambbelgrado.esteri.it\/sr\/wp-json\/wp\/v2\/tags?post=8503"}],"curies":[{"name":"wp","href":"https:\/\/api.w.org\/{rel}","templated":true}]}}