{"id":8480,"date":"2013-06-28T08:19:10","date_gmt":"2013-06-28T06:19:10","guid":{"rendered":"https:\/\/ambbelgrado.esteri.it\/news\/dall_ambasciata\/2013\/06\/trovatore-2\/"},"modified":"2013-06-28T08:19:10","modified_gmt":"2013-06-28T06:19:10","slug":"trovatore-2","status":"publish","type":"post","link":"https:\/\/ambbelgrado.esteri.it\/sr\/news\/dall_ambasciata\/2013\/06\/trovatore-2\/","title":{"rendered":"Italija-Srbija: Opera \u201eTrubadur\u201c u Ni\u0161u povodom obele\u017eavanja 1700. godi\u0161njice Milanskog edikta"},"content":{"rendered":"<p><P>Dva italijanska umetnika, tenor Stefano La Kola (Manriko) i bariton Domeniko Balcani (grof Luna), predstavi\u0107e se u glavnim mu\u0161kim ulogama opere \u201eTrubadur\u201c \u0110uzepea Verdija, koja \u0107e biti izvedena sutra na Ni\u0161koj tvr\u0111avi u okviru obele\u017eavanja 1700. godi\u0161njice Konstantinovog edikta.<\/P><P>Nakon nedavnog izvo\u0111enja \u201eAide\u201c u Viminacijumu, jo\u0161 jedno delo \u0110uzepea Verdija, \u010dija se dvestogodi\u0161njica ro\u0111enja slavi ove godine, svedo\u010di o aktivnoj podr\u0161ci Italije organizacionom odboru obele\u017eavanja jubileja u skladu sa \u017eeljom predsednika Republike Tomislava Nikoli\u0107a.<\/P><br \/>\n<P>\u201e\u010cast nam je da mo\u017eemo da doprinesemo, preko Ambasade i Italijanskog instituta za kulturu, obele\u017eavanju tako izuzetnog doga\u0111aja kao \u0161to je Milanski edikt koji nas jo\u0161 jednom podse\u0107a na veze koje se\u017eu daleko u pro\u0161lost i koje spajaju moju zemlju sa Srbijom\u201c, izjavljuje ambasador Italije \u0110uzepe Manco, isti\u010du\u0107i da se \u201eobnovljeni odnos velikog prijateljstva i partnerstva koji danas postoji izme\u0111u dve zemlje temelji na zajedni\u010dkom pripadanju kulturi i vrednostima evropske civilizacije\u201c.<\/P><br \/>\n<P>Podr\u0161ka, u smislu predloga i pomo\u0107i u realizaciji, koju je Italija pru\u017eala od samog po\u010detka aktivnosti organizacionog odbora deo je zajedni\u010dke akcije Ambasade i Italijanskog instituta za kulturu u cilju dodatnog promovisanja italijanske kulture i jezika u Srbiji.<\/P><\/p>\n","protected":false},"excerpt":{"rendered":"Dva italijanska umetnika, tenor Stefano La Kola (Manriko) i bariton Domeniko Balcani (grof Luna), predstavi\u0107e se u glavnim mu\u0161kim ulogama opere \u201eTrubadur\u201c \u0110uzepea Verdija, koja \u0107e biti izvedena sutra na Ni\u0161koj tvr\u0111avi u okviru obele\u017eavanja 1700. godi\u0161njice Konstantinovog edikta.Nakon nedavnog izvo\u0111enja \u201eAide\u201c u Viminacijumu, jo\u0161 jedno delo \u0110uzepea Verdija, \u010dija se dvestogodi\u0161njica ro\u0111enja slavi ove [&hellip;]","protected":false},"author":1,"featured_media":0,"comment_status":"","ping_status":"","sticky":false,"template":"","format":"standard","meta":{"footnotes":""},"tags":[],"class_list":["post-8480","post","type-post","status-publish","format-standard","hentry"],"_links":{"self":[{"href":"https:\/\/ambbelgrado.esteri.it\/sr\/wp-json\/wp\/v2\/posts\/8480","targetHints":{"allow":["GET"]}}],"collection":[{"href":"https:\/\/ambbelgrado.esteri.it\/sr\/wp-json\/wp\/v2\/posts"}],"about":[{"href":"https:\/\/ambbelgrado.esteri.it\/sr\/wp-json\/wp\/v2\/types\/post"}],"author":[{"embeddable":true,"href":"https:\/\/ambbelgrado.esteri.it\/sr\/wp-json\/wp\/v2\/users\/1"}],"replies":[{"embeddable":true,"href":"https:\/\/ambbelgrado.esteri.it\/sr\/wp-json\/wp\/v2\/comments?post=8480"}],"version-history":[{"count":0,"href":"https:\/\/ambbelgrado.esteri.it\/sr\/wp-json\/wp\/v2\/posts\/8480\/revisions"}],"wp:attachment":[{"href":"https:\/\/ambbelgrado.esteri.it\/sr\/wp-json\/wp\/v2\/media?parent=8480"}],"wp:term":[{"taxonomy":"post_tag","embeddable":true,"href":"https:\/\/ambbelgrado.esteri.it\/sr\/wp-json\/wp\/v2\/tags?post=8480"}],"curies":[{"name":"wp","href":"https:\/\/api.w.org\/{rel}","templated":true}]}}