{"id":8474,"date":"2013-07-01T14:10:22","date_gmt":"2013-07-01T12:10:22","guid":{"rendered":"https:\/\/ambbelgrado.esteri.it\/news\/dall_ambasciata\/2013\/07\/2013-06-29-ansa-2\/"},"modified":"2013-07-01T14:10:22","modified_gmt":"2013-07-01T12:10:22","slug":"2013-06-29-ansa-2","status":"publish","type":"post","link":"https:\/\/ambbelgrado.esteri.it\/sr\/news\/dall_ambasciata\/2013\/07\/2013-06-29-ansa-2\/","title":{"rendered":"ANSA: Poruka Ambasadora Manca predsedniku Vlade Da\u010di\u0107u: Istorijski rezultat"},"content":{"rendered":"<p><P>(ANSA) &#8211; BEOGRAD, 29. juna \u2013 Italija je \u010destitala srpskoj vladi\u00a0 na \u201cistorijskom postignu\u0107u\u201d i nastavi\u0107e da podr\u017eava Beograd na njegovom evropskom putu nakon \u0161to je ju\u010de 27 predsednika evropskih vlada odlu\u010dilo da u januaru 2014. zapo\u010dnu pregovori o pristupanju. Ova odluka Brisela je, pored odluke o sklapanju sporazuma o pridru\u017eivanju sa Kosovom, u skladu s posebnim interesom Evrope za stabilizacijom i integracijom Balkana i zna\u010di \u201cpriznanje\u201d zalaganjima vlade iz Beograda da ispuni preuzete obaveze prema Evropskoj uniji, u cilju normalizacije odnosa s Pri\u0161tinom.<BR>\u00a0\u00a0\u00a0\u00a0 <BR>Tokom jutro\u0161njeg susreta, italijanski ambasador u Beogradu, \u0110uzepe Manco, preneo je ovu poruku Rima premijeru Ivici Da\u010di\u0107u, o \u010demu je saop\u0161tenje izdao i kabinet srpskog predsednika vlade. Iz diplomatskih izvora se saznaje da se Da\u010di\u0107 zahvalio italijanskoj vladi na podr\u0161ci pru\u017eenoj i tokom nedelja koje su prethodile sastanku u Briselu, koji Srbiji otvara vrata Evrope.<BR> <BR>Isti izvori potvr\u0111uju da je italijanski predstavnik u Beogradu uputio takve \u010destitke i ohrabrenje da se nastavi na putu reformi i dijaloga sa Pri\u0161tinom i najvi\u0161im funkcionerima srpske dr\u017eave, izme\u0111u ostalog i potpredsedniku vlade Aleksandru Vu\u010di\u0107u.<BR>Ju\u010de je i predsednik italijanske vlade Enriko Leta izrazio zadovoljstvo zbog odluke Evropskog saveta da odredi \u201csiguran datum\u201d za po\u010detak pregovora sa Srbijom. To je u Briselu zatra\u017eila i ministarka spoljnih poslova Ema Bonino, koja je pro\u0161le nedelje do\u0161la u Beograd da bi potvrdila takav italijanski stav. <\/P><P>Kabinet srpskog predsednika vlade je posle susreta izdao saop\u0161tenje u kome se navodi da bi tre\u0107i susret vlada dve zemlje trebalo da se odr\u017ei 15. oktobra u Ankoni.\u00a0 (ANSA)<\/P><\/p>\n","protected":false},"excerpt":{"rendered":"(ANSA) &#8211; BEOGRAD, 29. juna \u2013 Italija je \u010destitala srpskoj vladi\u00a0 na \u201cistorijskom postignu\u0107u\u201d i nastavi\u0107e da podr\u017eava Beograd na njegovom evropskom putu nakon \u0161to je ju\u010de 27 predsednika evropskih vlada odlu\u010dilo da u januaru 2014. zapo\u010dnu pregovori o pristupanju. Ova odluka Brisela je, pored odluke o sklapanju sporazuma o pridru\u017eivanju sa Kosovom, u skladu [&hellip;]","protected":false},"author":1,"featured_media":0,"comment_status":"","ping_status":"","sticky":false,"template":"","format":"standard","meta":{"footnotes":""},"tags":[],"class_list":["post-8474","post","type-post","status-publish","format-standard","hentry"],"_links":{"self":[{"href":"https:\/\/ambbelgrado.esteri.it\/sr\/wp-json\/wp\/v2\/posts\/8474","targetHints":{"allow":["GET"]}}],"collection":[{"href":"https:\/\/ambbelgrado.esteri.it\/sr\/wp-json\/wp\/v2\/posts"}],"about":[{"href":"https:\/\/ambbelgrado.esteri.it\/sr\/wp-json\/wp\/v2\/types\/post"}],"author":[{"embeddable":true,"href":"https:\/\/ambbelgrado.esteri.it\/sr\/wp-json\/wp\/v2\/users\/1"}],"replies":[{"embeddable":true,"href":"https:\/\/ambbelgrado.esteri.it\/sr\/wp-json\/wp\/v2\/comments?post=8474"}],"version-history":[{"count":0,"href":"https:\/\/ambbelgrado.esteri.it\/sr\/wp-json\/wp\/v2\/posts\/8474\/revisions"}],"wp:attachment":[{"href":"https:\/\/ambbelgrado.esteri.it\/sr\/wp-json\/wp\/v2\/media?parent=8474"}],"wp:term":[{"taxonomy":"post_tag","embeddable":true,"href":"https:\/\/ambbelgrado.esteri.it\/sr\/wp-json\/wp\/v2\/tags?post=8474"}],"curies":[{"name":"wp","href":"https:\/\/api.w.org\/{rel}","templated":true}]}}