{"id":8468,"date":"2013-07-02T11:27:11","date_gmt":"2013-07-02T09:27:11","guid":{"rendered":"https:\/\/ambbelgrado.esteri.it\/news\/dall_ambasciata\/2013\/07\/2013-07-02-incontro-delegazione-team-anticorruzione-2\/"},"modified":"2013-07-02T11:27:11","modified_gmt":"2013-07-02T09:27:11","slug":"2013-07-02-incontro-delegazione-team-anticorruzione-2","status":"publish","type":"post","link":"https:\/\/ambbelgrado.esteri.it\/sr\/news\/dall_ambasciata\/2013\/07\/2013-07-02-incontro-delegazione-team-anticorruzione-2\/","title":{"rendered":"Italija-Srbija. Saradnja u borbi protiv organizovanog kriminala: susret ambasadora Manca sa srpskim sudijama."},"content":{"rendered":"<p><P>2. jul 2013, Beograd. &#8222;Saradnja izme\u0111u Italije i Srbije u borbi protiv organizovanog kriminala je odli\u010dna i imamo nameru da nastavimo tim putem, kako u zajedni\u010dkim istra\u017enim aktivnostima, tako i u obuci&#8220;. To je danas izjavio ambasador Italije u Beogradu \u0110uzepe Manco prilikom prijema\u00a0 delegacije srpskih sudija posle njihovog povratka iz Italije, gde su boravili zajedno sa kolegama iz zemalja balkanske regije. <\/P><P>U okviru projekta, koji je finansirala Evropska unija radi ja\u010danja mre\u017ee dr\u017eavnih tu\u017eilaca u borbi protiv transnacionalnog organizovanog kriminala, delegacija sudija iz Srbije, Hrvatske, Bosne i Hercegovine, Crne Gore i Makedonije boravila je u Italiji od 24. do 29. juna kako bi se \u0161to bolje upoznala sa italijanskim iskustvima u istra\u017enim tehnikama za borbu protiv organizovanog kriminala u oblasti ekonomije i finansija. Tokom posete, delegacija se susrela sa rukovodiocima Nacionalne direkcije za borbu protiv mafije i operativnih struktura Finansijske policije koje se bave istra\u017eivanjem imovine i suzbijanjem pranja novca, kao i nadgledanjem dobara koja su konfiskovana \u201cKamori\u201d u pokrajinama Napoli i Kazerta i potom kori\u0161\u0107ena u javne i socijalne svrhe. <BR><BR>Prvog marta 2009. godine Skup\u0161tina Republike Srbije usvojila je zakon o zapleni i konfiskaciji imovine koji je sastavljen po uzoru na italijanske zakonske odredbe u toj oblasti. <BR>Dana\u0161njem susretu u Ambasadi prisustvovale su srpske sudije Branka Milosavljevi\u0107 (glavni tu\u017eilac Tu\u017eila\u0161tva u Sremskoj Mitrovici) i Milena Manojlovi\u0107, kao i holandski tu\u017eilac Saskija de Vris, koja vodi ovaj projekat.<\/P><br \/>\n<P><IMG style=\"WIDTH: 518px; HEIGHT: 424px\" border=\"0\" alt=\"Ambasador Manco sa srpskim sudijama\" src=\"\/resource\/2013\/07\/manzo_magistratiserbi.jpg\" width=\"1140\" height=\"1037\"><\/P><\/p>\n","protected":false},"excerpt":{"rendered":"2. jul 2013, Beograd. &#8222;Saradnja izme\u0111u Italije i Srbije u borbi protiv organizovanog kriminala je odli\u010dna i imamo nameru da nastavimo tim putem, kako u zajedni\u010dkim istra\u017enim aktivnostima, tako i u obuci&#8220;. To je danas izjavio ambasador Italije u Beogradu \u0110uzepe Manco prilikom prijema\u00a0 delegacije srpskih sudija posle njihovog povratka iz Italije, gde su boravili [&hellip;]","protected":false},"author":1,"featured_media":0,"comment_status":"","ping_status":"","sticky":false,"template":"","format":"standard","meta":{"footnotes":""},"tags":[],"class_list":["post-8468","post","type-post","status-publish","format-standard","hentry"],"_links":{"self":[{"href":"https:\/\/ambbelgrado.esteri.it\/sr\/wp-json\/wp\/v2\/posts\/8468","targetHints":{"allow":["GET"]}}],"collection":[{"href":"https:\/\/ambbelgrado.esteri.it\/sr\/wp-json\/wp\/v2\/posts"}],"about":[{"href":"https:\/\/ambbelgrado.esteri.it\/sr\/wp-json\/wp\/v2\/types\/post"}],"author":[{"embeddable":true,"href":"https:\/\/ambbelgrado.esteri.it\/sr\/wp-json\/wp\/v2\/users\/1"}],"replies":[{"embeddable":true,"href":"https:\/\/ambbelgrado.esteri.it\/sr\/wp-json\/wp\/v2\/comments?post=8468"}],"version-history":[{"count":0,"href":"https:\/\/ambbelgrado.esteri.it\/sr\/wp-json\/wp\/v2\/posts\/8468\/revisions"}],"wp:attachment":[{"href":"https:\/\/ambbelgrado.esteri.it\/sr\/wp-json\/wp\/v2\/media?parent=8468"}],"wp:term":[{"taxonomy":"post_tag","embeddable":true,"href":"https:\/\/ambbelgrado.esteri.it\/sr\/wp-json\/wp\/v2\/tags?post=8468"}],"curies":[{"name":"wp","href":"https:\/\/api.w.org\/{rel}","templated":true}]}}