{"id":8395,"date":"2013-09-16T14:17:13","date_gmt":"2013-09-16T12:17:13","guid":{"rendered":"https:\/\/ambbelgrado.esteri.it\/news\/dall_ambasciata\/2013\/09\/expo-2015-a-belgrado-convegno-sulla-qualita-della-vita-2\/"},"modified":"2013-09-16T14:17:13","modified_gmt":"2013-09-16T12:17:13","slug":"expo-2015-a-belgrado-convegno-sulla-qualita-della-vita-2","status":"publish","type":"post","link":"https:\/\/ambbelgrado.esteri.it\/sr\/news\/dall_ambasciata\/2013\/09\/expo-2015-a-belgrado-convegno-sulla-qualita-della-vita-2\/","title":{"rendered":"Srbija-Italija: Expo 2015, u Beogradu radionica posve\u0107ena kvalitetu \u017eivota"},"content":{"rendered":"<p><P><A href=\"\/resource\/2013\/09\/AgenziaNOVAConvegnoqualitdivitaserb.pdf\">Agencija NOVA:Srbija-Italija: Expo 2015, u Beogradu radionica posve\u0107ena kvalitetu \u017eivota<\/A><\/P><P><A href=\"\/resource\/2013\/09\/ANSARadionicaposvecenakvalitetuzivota.pdf\">Agencija ANSA: Kvalitet \u017eivota,italijansko-srpska radionica u Beogradu<\/A><\/P><br \/>\n<P><A href=\"http:\/\/www.tanjug.rs\/videoDet.aspx?galID=104336\">Agencija TANJUG: video zapis<\/A><\/P><\/p>\n","protected":false},"excerpt":{"rendered":"Agencija NOVA:Srbija-Italija: Expo 2015, u Beogradu radionica posve\u0107ena kvalitetu \u017eivotaAgencija ANSA: Kvalitet \u017eivota,italijansko-srpska radionica u Beogradu Agencija TANJUG: video zapis","protected":false},"author":1,"featured_media":0,"comment_status":"","ping_status":"","sticky":false,"template":"","format":"standard","meta":{"footnotes":""},"tags":[],"class_list":["post-8395","post","type-post","status-publish","format-standard","hentry"],"_links":{"self":[{"href":"https:\/\/ambbelgrado.esteri.it\/sr\/wp-json\/wp\/v2\/posts\/8395","targetHints":{"allow":["GET"]}}],"collection":[{"href":"https:\/\/ambbelgrado.esteri.it\/sr\/wp-json\/wp\/v2\/posts"}],"about":[{"href":"https:\/\/ambbelgrado.esteri.it\/sr\/wp-json\/wp\/v2\/types\/post"}],"author":[{"embeddable":true,"href":"https:\/\/ambbelgrado.esteri.it\/sr\/wp-json\/wp\/v2\/users\/1"}],"replies":[{"embeddable":true,"href":"https:\/\/ambbelgrado.esteri.it\/sr\/wp-json\/wp\/v2\/comments?post=8395"}],"version-history":[{"count":0,"href":"https:\/\/ambbelgrado.esteri.it\/sr\/wp-json\/wp\/v2\/posts\/8395\/revisions"}],"wp:attachment":[{"href":"https:\/\/ambbelgrado.esteri.it\/sr\/wp-json\/wp\/v2\/media?parent=8395"}],"wp:term":[{"taxonomy":"post_tag","embeddable":true,"href":"https:\/\/ambbelgrado.esteri.it\/sr\/wp-json\/wp\/v2\/tags?post=8395"}],"curies":[{"name":"wp","href":"https:\/\/api.w.org\/{rel}","templated":true}]}}