{"id":8389,"date":"2013-09-23T09:57:41","date_gmt":"2013-09-23T07:57:41","guid":{"rendered":"https:\/\/ambbelgrado.esteri.it\/news\/dall_ambasciata\/2013\/09\/visita-a-belgrado-di-franco-frattini-2\/"},"modified":"2013-09-23T09:57:41","modified_gmt":"2013-09-23T07:57:41","slug":"visita-a-belgrado-di-franco-frattini-2","status":"publish","type":"post","link":"https:\/\/ambbelgrado.esteri.it\/sr\/news\/dall_ambasciata\/2013\/09\/visita-a-belgrado-di-franco-frattini-2\/","title":{"rendered":"Poseta Beogradu Franka Fratinija, biv\u0161eg italijanskog ministra spoljnih poslova i kandidata italijanske vlade za generalnog sekretara NATO-a"},"content":{"rendered":"<p><P>Franko Fratini je 20. i 21. septembra prisustvovao tre\u0107em &#8222;Beogradskom bezbednosnom forumu&#8220; i u\u010destvovao na panelu &#8222;Balkan 2020&#8220;<\/P><P>&#8211; <A href=\"http:\/\/www.tanjug.rs\/novosti\/100095\/srbija-reformama-zasluzila-mesto-u-evropskom-klubu.htm\">Intervju Franka Fratinija za agenciju Tanjug<\/A><\/P><br \/>\n<P>&#8211; <A href=\"http:\/\/www.danas.rs\/danasrs\/politika\/nemacka_ne_bi_trebalo_da_blokira_srbiju.56.html?news_id=268073\">Intervju Franka Fratinija za\u00a0dnevne novine Danas<\/A> <\/P><br \/>\n<P>&#8211; <A href=\"\/resource\/2013\/10\/IntervjuFrankaFratinijazaNoviMagazin.jpg\">Intervju Franka Fratinija za nedeljnik Novi Magazin<\/A><\/P><br \/>\n<P>&#8211; <A href=\"http:\/\/www.tanjug.rs\/novosti\/100057\/dacic--srbija-ispunila-uslove-za-pocetak-pregovora.htm\">Fratini je razgovarao sa premijerom Ivicom Da\u010di\u0107em<\/A> <\/P><br \/>\n<P>&#8211; <A href=\"http:\/\/www.tanjug.rs\/novosti\/100074\/eu-nepotpuna-bez-zapadnog-balkana.htm\">Fratini je u\u010destvovao na panelu &#8222;Balkan 2020&#8220;<\/A><\/P><br \/>\n<P><A href=\"rver\/Channels\/Ambasciata_Belgrado\/Franko Fratini u Beogradu 21 septembra 2013.html\">GALERIJA FOTOGRAFIJA<\/A><\/P><\/p>\n","protected":false},"excerpt":{"rendered":"Franko Fratini je 20. i 21. septembra prisustvovao tre\u0107em &#8222;Beogradskom bezbednosnom forumu&#8220; i u\u010destvovao na panelu &#8222;Balkan 2020&#8220;&#8211; Intervju Franka Fratinija za agenciju Tanjug &#8211; Intervju Franka Fratinija za\u00a0dnevne novine Danas &#8211; Intervju Franka Fratinija za nedeljnik Novi Magazin &#8211; Fratini je razgovarao sa premijerom Ivicom Da\u010di\u0107em &#8211; Fratini je u\u010destvovao na panelu &#8222;Balkan 2020&#8220; [&hellip;]","protected":false},"author":1,"featured_media":0,"comment_status":"","ping_status":"","sticky":false,"template":"","format":"standard","meta":{"footnotes":""},"tags":[],"class_list":["post-8389","post","type-post","status-publish","format-standard","hentry"],"_links":{"self":[{"href":"https:\/\/ambbelgrado.esteri.it\/sr\/wp-json\/wp\/v2\/posts\/8389","targetHints":{"allow":["GET"]}}],"collection":[{"href":"https:\/\/ambbelgrado.esteri.it\/sr\/wp-json\/wp\/v2\/posts"}],"about":[{"href":"https:\/\/ambbelgrado.esteri.it\/sr\/wp-json\/wp\/v2\/types\/post"}],"author":[{"embeddable":true,"href":"https:\/\/ambbelgrado.esteri.it\/sr\/wp-json\/wp\/v2\/users\/1"}],"replies":[{"embeddable":true,"href":"https:\/\/ambbelgrado.esteri.it\/sr\/wp-json\/wp\/v2\/comments?post=8389"}],"version-history":[{"count":0,"href":"https:\/\/ambbelgrado.esteri.it\/sr\/wp-json\/wp\/v2\/posts\/8389\/revisions"}],"wp:attachment":[{"href":"https:\/\/ambbelgrado.esteri.it\/sr\/wp-json\/wp\/v2\/media?parent=8389"}],"wp:term":[{"taxonomy":"post_tag","embeddable":true,"href":"https:\/\/ambbelgrado.esteri.it\/sr\/wp-json\/wp\/v2\/tags?post=8389"}],"curies":[{"name":"wp","href":"https:\/\/api.w.org\/{rel}","templated":true}]}}