{"id":8378,"date":"2013-10-07T12:09:57","date_gmt":"2013-10-07T10:09:57","guid":{"rendered":"https:\/\/ambbelgrado.esteri.it\/news\/dall_ambasciata\/2013\/10\/delegazione-serba-in-visita-di-studio-a-roma-su-antiriciclaggio-e-contrasto-a-crimine-organizzato-2\/"},"modified":"2013-10-07T12:09:57","modified_gmt":"2013-10-07T10:09:57","slug":"delegazione-serba-in-visita-di-studio-a-roma-su-antiriciclaggio-e-contrasto-a-crimine-organizzato-2","status":"publish","type":"post","link":"https:\/\/ambbelgrado.esteri.it\/sr\/news\/dall_ambasciata\/2013\/10\/delegazione-serba-in-visita-di-studio-a-roma-su-antiriciclaggio-e-contrasto-a-crimine-organizzato-2\/","title":{"rendered":"Srbija-Italija: srpska delegacija u poseti Rimu u vezi sa borbom protiv pranja novca i organizovanog kriminala"},"content":{"rendered":"<p><P>Beograd, 4. okt. 2013. (Agencija NOVA) &#8211; U periodu od 30. septembra do 4. oktobra Rim je posetila delegacija srpskih fnkcionera u kojoj su se na\u0161li funkcioneri Agencije za prevenciju pranja novca, Uprave carina i Narodne banke Srbije, kao i predstavnici sudstva i policije. \u201eInicijativa \u2013 izjavio je ambasador Italije u Beogradu \u0110uzepe Manco \u2013 \u010dini deo pomo\u0107i koju Italija pru\u017ea nalde\u017enim organima Srbije u oblasti pravosu\u0111a i unutra\u0161njih poslova, ne samo u smislu opto\u010dinjanja pristupnih pregovora izme\u0111u Beograda i Evropske unije, koji kre\u0107u upravo od poglavlja 23 i 24, ve\u0107 i u smislu tre\u0107eg bilateralnog samita, koji \u0107e se odr\u017eati u Ankoni 15. oktobra ove godine i koji \u0107e potvrditi veoma visoki nivo saradnje postignute u ovoj oblasti\u201c.<\/P><P>Ambasador \u0107e primiti srpsku delegaciju po njenom povratku iz Italije. Poseta je sastavni deo projekta \u201eMoli\u201c, koji finansira Evropska unija a sprovodi Savet Evrope u cilju usavr\u0161avanja sposobnosti srpskih institucija u prevenciji fenomena pranja novca i borbi protiv terorizma. Srpska delegacija je posetila Generalnu komandu i Specijalnu jedinicu Finansijske policije, Odeljenje o finansijskim podacima Banke Italije i Nacionalnu direkciju za borbu protiv mafije. Srpski funckioneri su imali uvid u metodologiju obuke, uklju\u010duju\u0107i prakti\u010dni simulaciju situacije sa psima zvanim \u201ecash dogs\u201c &#8211;\u00a0 &#8211; u sedi\u0161tu Komande Finansijske policije koja kontroli\u0161e aerodrome u Rimu.<\/P><br \/>\n<P>Svi navedeni susreti su omogu\u0107ili u\u010desnicima da se opoznaju sa italijanskim zakonima i za tehnikama ispitivanja koje se koriste i cilju suzbijanja kriminalnih aktivnosti iz oblasti privrede i finansija. Poseta je i potvrda podr\u0161ke koju na svom evropskom putu Srbija dobija od Italije, koja je njen partner po pitanju pravosu\u0111a i saradnje izme\u0111u dve policije.<\/P><br \/>\n<P>\u00a0<\/P><\/p>\n","protected":false},"excerpt":{"rendered":"Beograd, 4. okt. 2013. (Agencija NOVA) &#8211; U periodu od 30. septembra do 4. oktobra Rim je posetila delegacija srpskih fnkcionera u kojoj su se na\u0161li funkcioneri Agencije za prevenciju pranja novca, Uprave carina i Narodne banke Srbije, kao i predstavnici sudstva i policije. \u201eInicijativa \u2013 izjavio je ambasador Italije u Beogradu \u0110uzepe Manco \u2013 [&hellip;]","protected":false},"author":1,"featured_media":0,"comment_status":"","ping_status":"","sticky":false,"template":"","format":"standard","meta":{"footnotes":""},"tags":[],"class_list":["post-8378","post","type-post","status-publish","format-standard","hentry"],"_links":{"self":[{"href":"https:\/\/ambbelgrado.esteri.it\/sr\/wp-json\/wp\/v2\/posts\/8378","targetHints":{"allow":["GET"]}}],"collection":[{"href":"https:\/\/ambbelgrado.esteri.it\/sr\/wp-json\/wp\/v2\/posts"}],"about":[{"href":"https:\/\/ambbelgrado.esteri.it\/sr\/wp-json\/wp\/v2\/types\/post"}],"author":[{"embeddable":true,"href":"https:\/\/ambbelgrado.esteri.it\/sr\/wp-json\/wp\/v2\/users\/1"}],"replies":[{"embeddable":true,"href":"https:\/\/ambbelgrado.esteri.it\/sr\/wp-json\/wp\/v2\/comments?post=8378"}],"version-history":[{"count":0,"href":"https:\/\/ambbelgrado.esteri.it\/sr\/wp-json\/wp\/v2\/posts\/8378\/revisions"}],"wp:attachment":[{"href":"https:\/\/ambbelgrado.esteri.it\/sr\/wp-json\/wp\/v2\/media?parent=8378"}],"wp:term":[{"taxonomy":"post_tag","embeddable":true,"href":"https:\/\/ambbelgrado.esteri.it\/sr\/wp-json\/wp\/v2\/tags?post=8378"}],"curies":[{"name":"wp","href":"https:\/\/api.w.org\/{rel}","templated":true}]}}