{"id":8372,"date":"2013-10-08T14:09:47","date_gmt":"2013-10-08T12:09:47","guid":{"rendered":"https:\/\/ambbelgrado.esteri.it\/news\/dall_ambasciata\/2013\/10\/visita-viceministro-marta-dassu-2\/"},"modified":"2013-10-08T14:09:47","modified_gmt":"2013-10-08T12:09:47","slug":"visita-viceministro-marta-dassu-2","status":"publish","type":"post","link":"https:\/\/ambbelgrado.esteri.it\/sr\/news\/dall_ambasciata\/2013\/10\/visita-viceministro-marta-dassu-2\/","title":{"rendered":"Zamenica ministra spoljnih poslova Italije Marta Dasu danas u Beogradu uo\u010di italijansko-srpskog samita koji \u0107e biti odr\u017ean 15. oktobra u Ankoni"},"content":{"rendered":"<p><P><IMG border=\"0\" alt=\"Zaminica ministra spoljnih poslova Italije Marta Dasu i ministar spoljnih poslova Srbije Ivan Mrkic\" src=\"\/resource\/2013\/10\/FotoMartaDassueIvanMrkicTanjug1.jpg\"><\/P><P><STRONG>&#8211;<\/STRONG> <A href=\"\/resource\/2013\/10\/intervistaaMartaDassuquotidianoserboBLIC.jpg\">Intervju zamenice \u0161efa diplomatije Italije Marte Dasu dnevnom listu BLIC<\/A><\/P><br \/>\n<P><STRONG>&#8211; <\/STRONG><A href=\"\/resource\/2013\/10\/agencijaBETAoposetizamenikaministraspoljnihposlova.pdf\">agencija BETA: Tre\u0107i sastanak vlada Srbije\u00a0i Italije u Ankoni\u00a0<\/A><\/P><br \/>\n<P>&#8211; <A href=\"\/resource\/2013\/10\/Tanjug_VuciciDasuBilateralniodnosinavisokomnivou.pdf\">agencija TANJUG: Vucic i Dasu &#8211; Bilateralni odnosi na visokom nivou<\/A><\/P><br \/>\n<P>&#8211; <A href=\"\/resource\/2013\/10\/RTSoposetizamenikaministraspoljnihposlovaItalijeMa.pdf\">RTS: Sednica vlada Srbije i Italije 15. oktobra <\/A><\/P><br \/>\n<P>&#8211; <A href=\"\/resource\/2013\/10\/TANJUG_susretDasuiMrkic.pdf\">agencija TANJUG o susretu zamenika ministra spoljnih poslova Italije Marte Dasu i ministra spoljnih poslova Srbije Ivana Mrki\u0107a<\/A><\/P><br \/>\n<P>(Fotografija Ministarstvo spoljnih poslova Republike Srbije)<\/P><br \/>\n<P>\u00a0<\/P><\/p>\n","protected":false},"excerpt":{"rendered":"&#8211; Intervju zamenice \u0161efa diplomatije Italije Marte Dasu dnevnom listu BLIC &#8211; agencija BETA: Tre\u0107i sastanak vlada Srbije\u00a0i Italije u Ankoni\u00a0 &#8211; agencija TANJUG: Vucic i Dasu &#8211; Bilateralni odnosi na visokom nivou &#8211; RTS: Sednica vlada Srbije i Italije 15. oktobra &#8211; agencija TANJUG o susretu zamenika ministra spoljnih poslova Italije Marte Dasu i [&hellip;]","protected":false},"author":1,"featured_media":0,"comment_status":"","ping_status":"","sticky":false,"template":"","format":"standard","meta":{"footnotes":""},"tags":[],"class_list":["post-8372","post","type-post","status-publish","format-standard","hentry"],"_links":{"self":[{"href":"https:\/\/ambbelgrado.esteri.it\/sr\/wp-json\/wp\/v2\/posts\/8372","targetHints":{"allow":["GET"]}}],"collection":[{"href":"https:\/\/ambbelgrado.esteri.it\/sr\/wp-json\/wp\/v2\/posts"}],"about":[{"href":"https:\/\/ambbelgrado.esteri.it\/sr\/wp-json\/wp\/v2\/types\/post"}],"author":[{"embeddable":true,"href":"https:\/\/ambbelgrado.esteri.it\/sr\/wp-json\/wp\/v2\/users\/1"}],"replies":[{"embeddable":true,"href":"https:\/\/ambbelgrado.esteri.it\/sr\/wp-json\/wp\/v2\/comments?post=8372"}],"version-history":[{"count":0,"href":"https:\/\/ambbelgrado.esteri.it\/sr\/wp-json\/wp\/v2\/posts\/8372\/revisions"}],"wp:attachment":[{"href":"https:\/\/ambbelgrado.esteri.it\/sr\/wp-json\/wp\/v2\/media?parent=8372"}],"wp:term":[{"taxonomy":"post_tag","embeddable":true,"href":"https:\/\/ambbelgrado.esteri.it\/sr\/wp-json\/wp\/v2\/tags?post=8372"}],"curies":[{"name":"wp","href":"https:\/\/api.w.org\/{rel}","templated":true}]}}