{"id":8368,"date":"2013-10-10T13:04:02","date_gmt":"2013-10-10T11:04:02","guid":{"rendered":"https:\/\/ambbelgrado.esteri.it\/news\/dall_ambasciata\/2013\/10\/conferenza-dei-capi-della-polizia-dei-balcani-con-partecipazione-prefetto-pansa-2\/"},"modified":"2013-10-10T13:04:02","modified_gmt":"2013-10-10T11:04:02","slug":"conferenza-dei-capi-della-polizia-dei-balcani-con-partecipazione-prefetto-pansa-2","status":"publish","type":"post","link":"https:\/\/ambbelgrado.esteri.it\/sr\/news\/dall_ambasciata\/2013\/10\/conferenza-dei-capi-della-polizia-dei-balcani-con-partecipazione-prefetto-pansa-2\/","title":{"rendered":"Regionalna konferencija \u0161efova policije. U\u010de\u0161\u0107e italijanskog Direktora Policije, prefekt Alesandro Pansa."},"content":{"rendered":"<p><P>&#8211; <A href=\"\/resource\/2013\/10\/RTSsefovipolicijaizregionauBeogradu.pdf\">vest RTS-a: \u0160efovi policija iz regiona u Beogradu<\/A><\/P><P>&#8211; <A href=\"\/resource\/2013\/10\/NOVAnasrpskomAmbasadorMancokonferencijasefovapolic.pdf\">agencija NOVA: Ambasador Manco o Regionalnoj konferenciji \u0161efova policije <\/A><\/P><br \/>\n<P>&#8211; <A href=\"\/resource\/2013\/10\/B92SefovipolicijaizregionauBG.pdf\">vest B92: \u0160efovi policija iz regiona u Beogradu<\/A><\/P><br \/>\n<P>&#8211; <A href=\"\/resource\/2013\/10\/VestPansaizvorVladaSrbije.pdf\">vest Vlade Republike Srbije: Ja\u010danje regionalne saradnje u borbi protiv organizovanog kriminala<\/A><\/P><br \/>\n<P>\u00a0<\/P><br \/>\n<P>&#8211; <A title=\"Galerija fotografija\" href=\"http:\/\/www.flickr.com\/photos\/belgrado_italianembassy\/\">GALERIJA FOTOGRAFIJA<\/A><\/P><br \/>\n<P>&#8211; <A title=\"Video snimci\" href=\"http:\/\/www.youtube.com\/user\/BelgradoAmbIta\">VIDEO SNIMCI<\/A><\/P><\/p>\n","protected":false},"excerpt":{"rendered":"&#8211; vest RTS-a: \u0160efovi policija iz regiona u Beogradu&#8211; agencija NOVA: Ambasador Manco o Regionalnoj konferenciji \u0161efova policije &#8211; vest B92: \u0160efovi policija iz regiona u Beogradu &#8211; vest Vlade Republike Srbije: Ja\u010danje regionalne saradnje u borbi protiv organizovanog kriminala \u00a0 &#8211; GALERIJA FOTOGRAFIJA &#8211; VIDEO SNIMCI","protected":false},"author":1,"featured_media":0,"comment_status":"","ping_status":"","sticky":false,"template":"","format":"standard","meta":{"footnotes":""},"tags":[],"class_list":["post-8368","post","type-post","status-publish","format-standard","hentry"],"_links":{"self":[{"href":"https:\/\/ambbelgrado.esteri.it\/sr\/wp-json\/wp\/v2\/posts\/8368","targetHints":{"allow":["GET"]}}],"collection":[{"href":"https:\/\/ambbelgrado.esteri.it\/sr\/wp-json\/wp\/v2\/posts"}],"about":[{"href":"https:\/\/ambbelgrado.esteri.it\/sr\/wp-json\/wp\/v2\/types\/post"}],"author":[{"embeddable":true,"href":"https:\/\/ambbelgrado.esteri.it\/sr\/wp-json\/wp\/v2\/users\/1"}],"replies":[{"embeddable":true,"href":"https:\/\/ambbelgrado.esteri.it\/sr\/wp-json\/wp\/v2\/comments?post=8368"}],"version-history":[{"count":0,"href":"https:\/\/ambbelgrado.esteri.it\/sr\/wp-json\/wp\/v2\/posts\/8368\/revisions"}],"wp:attachment":[{"href":"https:\/\/ambbelgrado.esteri.it\/sr\/wp-json\/wp\/v2\/media?parent=8368"}],"wp:term":[{"taxonomy":"post_tag","embeddable":true,"href":"https:\/\/ambbelgrado.esteri.it\/sr\/wp-json\/wp\/v2\/tags?post=8368"}],"curies":[{"name":"wp","href":"https:\/\/api.w.org\/{rel}","templated":true}]}}