{"id":8352,"date":"2013-10-14T13:49:42","date_gmt":"2013-10-14T11:49:42","guid":{"rendered":"https:\/\/ambbelgrado.esteri.it\/news\/dall_ambasciata\/2013\/10\/vertice-italia-serbia-ad-ancona-2\/"},"modified":"2013-10-14T13:49:42","modified_gmt":"2013-10-14T11:49:42","slug":"vertice-italia-serbia-ad-ancona-2","status":"publish","type":"post","link":"https:\/\/ambbelgrado.esteri.it\/sr\/news\/dall_ambasciata\/2013\/10\/vertice-italia-serbia-ad-ancona-2\/","title":{"rendered":"ZAJEDNI\u010cKA SEDNICA VLADA SRBIJE I ITALIJE 15. OKTOBRA U ANKONI"},"content":{"rendered":"<p><P>&#8211; <A href=\"http:\/\/www.srbija.gov.rs\/vesti\/vest.php?id=197814\">vest Vlade Republike Srbije: Podr\u0161ka evropskom putu Srbije prioritet spoljne politike Italije <\/A>\u00a0<\/P><P>&#8211; <A href=\"http:\/\/www.mfa.gov.rs\/sr\/index.php\/pres-servis\/saopstenja\/11804-2013-10-15-07-53-51?lang=lat\">vest Ministarstva spoljnih poslova Republike Srbije o Tre\u0107em samitu Srbija-Italija<\/A> <\/P><br \/>\n<P>&#8211; <A href=\"http:\/\/www.mfa.gov.rs\/sr\/index.php\/pres-servis\/saopstenja\/11809--29-?lang=lat\">vest Ministarstva spoljnih poslova Republike Srbije &#8211;\u00a0Podr\u0161ka Italije: Srbija da bude 29.\u00a0evropska zvezdica <\/A>\u00a0<\/P><br \/>\n<P>&#8211; <A href=\"\/resource\/2013\/10\/srpskastampaosamitu161013.pdf\">Srpska \u0161tampa o Tre\u0107em samitu Srbija-Italija odr\u017eanom u Ankoni <\/A><\/P><br \/>\n<P>&#8211;\u00a0<A href=\"http:\/\/www.tanjug.rs\/novosti\/102584\/podrska-italije--srbija-da-bude-29--evropska-zvezdica.htm\">Tanjug: Podrska Italije\u00a0 &#8211; Srbija da bude 29. evropska zvezdica<\/A><\/P><br \/>\n<P>&#8211; <A href=\"http:\/\/www.rts.rs\/page\/stories\/ci\/story\/1\/%D0%9F%D0%BE%D0%BB%D0%B8%D1%82%D0%B8%D0%BA%D0%B0\/1418232\/%D0%98%D1%82%D0%B0%D0%BB%D0%B8%D1%98%D0%B0%D0%BD%D1%81%D0%BA%D0%BE-%D1%81%D1%80%D0%BF%D1%81%D0%BA%D0%B8+%D1%81%D0%B0%D0%BC%D0%B8%D1%82+%D1%83+%D0%90%D0%BD%D0%BA%D0%BE%D0%BD%D0%B8.html\">RTS: Italijansko-srpski samit u Ankoni<\/A><\/P><br \/>\n<P>&#8211; <A href=\"http:\/\/www.blic.rs\/Vesti\/Politika\/412803\/Dacic-i-Leta-Srbija-da-bude-sledeca-29-clanica-EU\">BLIC: Dacic i Leta,\u00a0Srbija da bude sledeca 29. clanica EU<\/A><\/P><br \/>\n<P>&#8211; <A href=\"http:\/\/www.novosti.rs\/vesti\/naslovna\/politika\/aktuelno.289.html:458938-Dacic-i-Leta-Srbija-da-\">NOVOSTI: Dacic i Leta, Srbija da bude sledeca 29. clanica EU<\/A><\/P><br \/>\n<P>&#8211; <A href=\"http:\/\/www.politika.rs\/vesti\/najnovije-vesti\/Samit-u-Ankoni-Potpisana-cetiri-sporazuma.sr.html\">POLITIKA: Samit u Ankoni, potpisana cetiri sporazuma<\/A><\/P><br \/>\n<P>&#8211; <A href=\"http:\/\/www.srbija.gov.rs\/vesti\/vest.php?id=197692\">INTERVJU predsednika Vlade Republike Srbije, Ivice DA\u010cI\u0106A, italijanskoj agenciji ANSA<\/A><\/P><br \/>\n<P>&#8211; <A href=\"\/resource\/2013\/10\/TANJUG151013najavatrecegsamitauAnkoni.pdf\">Tanjug: Tre\u0107i samit Srbija &#8211; Italija u Ankoni<\/A><\/P><br \/>\n<P>&#8211; <A id=\"Treci samit vlada Srbije i Italije u Ankoni\" href=\"http:\/\/www.srbija.gov.rs\/vesti\/vest.php?id=197776\" name=\"Treci samit vlada Srbije i Italije u Ankoni\">Vlada Republike Srbije: Tre\u0107i samit vlada Srbije i Italije u Ankoni<\/A><\/P><br \/>\n<P>\u00a0<\/P><br \/>\n<P><STRONG><A title=\"Gallerija Fotografija\" href=\"http:\/\/www.flickr.com\/photos\/belgrado_italianembassy\/\">GALERIJA FOTOGRAFIJA<\/A><\/STRONG><\/P><br \/>\n<P><STRONG><A title=\"Video Snimci\" href=\"http:\/\/www.youtube.com\/user\/BelgradoAmbIta\">VIDEO SNIMCI<\/A><\/STRONG><\/P><\/p>\n","protected":false},"excerpt":{"rendered":"&#8211; vest Vlade Republike Srbije: Podr\u0161ka evropskom putu Srbije prioritet spoljne politike Italije \u00a0&#8211; vest Ministarstva spoljnih poslova Republike Srbije o Tre\u0107em samitu Srbija-Italija &#8211; vest Ministarstva spoljnih poslova Republike Srbije &#8211;\u00a0Podr\u0161ka Italije: Srbija da bude 29.\u00a0evropska zvezdica \u00a0 &#8211; Srpska \u0161tampa o Tre\u0107em samitu Srbija-Italija odr\u017eanom u Ankoni &#8211;\u00a0Tanjug: Podrska Italije\u00a0 &#8211; Srbija da [&hellip;]","protected":false},"author":1,"featured_media":0,"comment_status":"","ping_status":"","sticky":false,"template":"","format":"standard","meta":{"footnotes":""},"tags":[],"class_list":["post-8352","post","type-post","status-publish","format-standard","hentry"],"_links":{"self":[{"href":"https:\/\/ambbelgrado.esteri.it\/sr\/wp-json\/wp\/v2\/posts\/8352","targetHints":{"allow":["GET"]}}],"collection":[{"href":"https:\/\/ambbelgrado.esteri.it\/sr\/wp-json\/wp\/v2\/posts"}],"about":[{"href":"https:\/\/ambbelgrado.esteri.it\/sr\/wp-json\/wp\/v2\/types\/post"}],"author":[{"embeddable":true,"href":"https:\/\/ambbelgrado.esteri.it\/sr\/wp-json\/wp\/v2\/users\/1"}],"replies":[{"embeddable":true,"href":"https:\/\/ambbelgrado.esteri.it\/sr\/wp-json\/wp\/v2\/comments?post=8352"}],"version-history":[{"count":0,"href":"https:\/\/ambbelgrado.esteri.it\/sr\/wp-json\/wp\/v2\/posts\/8352\/revisions"}],"wp:attachment":[{"href":"https:\/\/ambbelgrado.esteri.it\/sr\/wp-json\/wp\/v2\/media?parent=8352"}],"wp:term":[{"taxonomy":"post_tag","embeddable":true,"href":"https:\/\/ambbelgrado.esteri.it\/sr\/wp-json\/wp\/v2\/tags?post=8352"}],"curies":[{"name":"wp","href":"https:\/\/api.w.org\/{rel}","templated":true}]}}