{"id":8338,"date":"2013-11-01T11:46:29","date_gmt":"2013-11-01T10:46:29","guid":{"rendered":"https:\/\/ambbelgrado.esteri.it\/news\/dall_ambasciata\/2013\/11\/terzo-liceo-di-belgrado-2\/"},"modified":"2013-11-01T11:46:29","modified_gmt":"2013-11-01T10:46:29","slug":"terzo-liceo-di-belgrado-2","status":"publish","type":"post","link":"https:\/\/ambbelgrado.esteri.it\/sr\/news\/dall_ambasciata\/2013\/11\/terzo-liceo-di-belgrado-2\/","title":{"rendered":"Pozori\u0161na trupa italijanskog odeljenja Tre\u0107e begradska gimnazije:HILJADU LICA IZA JEDNE MASKE Lui\u0111ija Pirandela"},"content":{"rendered":"<p><P><IMG style=\"WIDTH: 306px; HEIGHT: 189px\" border=\"0\" alt=\"Pozorisna trupa italijanskog odeljenja Trece beogradske gimnazije\" src=\"\/resource\/2013\/11\/IMG0387.JPG\" width=\"332\" height=\"219\"><\/P><P><IMG style=\"WIDTH: 306px; HEIGHT: 185px\" border=\"0\" alt=\"Pozorisna trupa italijanskog odeljenja Trece beogradske gimnazije\" src=\"\/resource\/2013\/11\/IMG0455.JPG\" width=\"311\" height=\"239\"><\/P><br \/>\n<P>Jedno\u010dinka slobodno inspirisana romanom \u201cJedan, nijedan i sto hiljada\u201d Lui\u0111ija Pirandela, u re\u017eiji Strahinje Savi\u0107a, u organizaciji Tre\u0107e beogradske gimnazije &#8211; italijansko odeljenje i u saradnji sa Italijanskim institutom za kulturu u Beogradu, odr\u017eana je u Beogradu 22. oktobra 2013. godine u Studentskom kulturnom centru. <\/P><br \/>\n<P>Uvod u predstavu je bio odr\u017ean od strane Dragane VASI\u0106, Direktorke Tre\u0107e beogradske gimnazije i Sire MIORI, Direktorke Italijanskog instituta za kulturu u Beogradu i Koordinator oblasti dok je NJ.E. \u0110uzepe MANCO, Ambasador Italije u Srbiji imao pozdravnu re\u010d. <\/P><br \/>\n<P>U okviru programa kulturne razmene sa gimnazijom \u201cVir\u0111ilio\u201d iz Milana, Pozori\u0161na trupa u\u010denika italijanskog odeljenja Tre\u0107e beogradske gimnazije izvodi jedno\u010dinku inspirisanu romanom \u201cJedan, nijedan i sto hiljada\u201d Lui\u0111ija Pirandela, predstavu sa kojom je u maju ove godine u\u010destvovala na XIX Me\u0111unarodnom festivalu Klasi\u010dnog skolskog teatra u Altamuri. <\/P><br \/>\n<P>Mladi glumci Pozori\u0161ne trupe, op\u010dinjeni aktuelno\u0161\u0107u problematika kojima se bavi ovaj veliki sicilijanski autor, oduvek zanteresovan za studije psihoanalize, donose na scenu o\u010dajni\u010dko traganje modernog \u010doveka, koji ne uspeva da razlikuje sopstveni pravi identitet od percepcije koju drugi imaju o njegovoj li\u010dnosti. <BR>Jedno banalno opa\u017eanje supruge protagoniste, Vitanjela Moskarda, koja prime\u0107uje nesavr\u0161enost na nosu svoga supru\u017enika, pokre\u0107e svest u njemu da slika koju on ima o sebi ne odgovara onoj koju o njemu imaju ljudi oko njega. Stoga Moskarda zapo\u010dinje pani\u010dnu potragu za sopstvenim identitetom, koja \u0107e ga, neizbe\u017eno, dovesti do ludila&#8230;<\/P><br \/>\n<P>\u00a0<\/P><\/p>\n","protected":false},"excerpt":{"rendered":"Jedno\u010dinka slobodno inspirisana romanom \u201cJedan, nijedan i sto hiljada\u201d Lui\u0111ija Pirandela, u re\u017eiji Strahinje Savi\u0107a, u organizaciji Tre\u0107e beogradske gimnazije &#8211; italijansko odeljenje i u saradnji sa Italijanskim institutom za kulturu u Beogradu, odr\u017eana je u Beogradu 22. oktobra 2013. godine u Studentskom kulturnom centru. Uvod u predstavu je bio odr\u017ean od strane Dragane VASI\u0106, [&hellip;]","protected":false},"author":1,"featured_media":0,"comment_status":"","ping_status":"","sticky":false,"template":"","format":"standard","meta":{"footnotes":""},"tags":[],"class_list":["post-8338","post","type-post","status-publish","format-standard","hentry"],"_links":{"self":[{"href":"https:\/\/ambbelgrado.esteri.it\/sr\/wp-json\/wp\/v2\/posts\/8338","targetHints":{"allow":["GET"]}}],"collection":[{"href":"https:\/\/ambbelgrado.esteri.it\/sr\/wp-json\/wp\/v2\/posts"}],"about":[{"href":"https:\/\/ambbelgrado.esteri.it\/sr\/wp-json\/wp\/v2\/types\/post"}],"author":[{"embeddable":true,"href":"https:\/\/ambbelgrado.esteri.it\/sr\/wp-json\/wp\/v2\/users\/1"}],"replies":[{"embeddable":true,"href":"https:\/\/ambbelgrado.esteri.it\/sr\/wp-json\/wp\/v2\/comments?post=8338"}],"version-history":[{"count":0,"href":"https:\/\/ambbelgrado.esteri.it\/sr\/wp-json\/wp\/v2\/posts\/8338\/revisions"}],"wp:attachment":[{"href":"https:\/\/ambbelgrado.esteri.it\/sr\/wp-json\/wp\/v2\/media?parent=8338"}],"wp:term":[{"taxonomy":"post_tag","embeddable":true,"href":"https:\/\/ambbelgrado.esteri.it\/sr\/wp-json\/wp\/v2\/tags?post=8338"}],"curies":[{"name":"wp","href":"https:\/\/api.w.org\/{rel}","templated":true}]}}