{"id":8316,"date":"2013-11-06T14:34:20","date_gmt":"2013-11-06T13:34:20","guid":{"rendered":"https:\/\/ambbelgrado.esteri.it\/news\/dall_ambasciata\/2013\/11\/visita-ambasciatore-manzo-in-vojvodina-2\/"},"modified":"2013-11-06T14:34:20","modified_gmt":"2013-11-06T13:34:20","slug":"visita-ambasciatore-manzo-in-vojvodina-2","status":"publish","type":"post","link":"https:\/\/ambbelgrado.esteri.it\/sr\/news\/dall_ambasciata\/2013\/11\/visita-ambasciatore-manzo-in-vojvodina-2\/","title":{"rendered":"Ambasador \u0110uzepe Manco u poseti Vojvodini"},"content":{"rendered":"<p><P><U>Saop\u0161tenje Vlade AP Vojvodina<\/U>:<\/P><P><STRONG>Predsednik Pajti\u0107 sastao se sa ambasadorom Republike Italije<\/STRONG><\/P><br \/>\n<P><IMG style=\"WIDTH: 304px; HEIGHT: 179px\" border=\"0\" alt=\"Ambasador Manco sa predsednikom Vlade Vojvodine Pajti\u0107em\" src=\"\/resource\/2013\/11\/AmbasciatoreManzoconilPresidentedelGovernodellaVoj.jpg\" width=\"429\" height=\"310\"><\/P><br \/>\n<P>Predsednik Vlade Vojvodine dr Bojan Pajti\u0107 primio je Nj.E. \u0110uzepea Manca, ambasadora Italije u Republici Srbiji, koji danas boravi u prvoj zvani\u010dnoj poseti Vojvodini.<\/P><br \/>\n<P>U otvorenom i srda\u010dnom razgovoru, sagovornici su konstatovali da u Srbiji i Vojvodini postoje brojne italijanske investicije koje imaju kontinuitet. Pored uspe\u0161ne kulturne i univerzitetske saradnje, brojne mogu\u0107nosti za investiranje u Vojvodini, posebno su vi\u0111ene u oblasti poljoprivrede, pogotovo agrobiznisa i prehrambene industrije, kao i u oblasti obnovljivih izvora energije.<\/P><br \/>\n<P>Predsednik Pajti\u0107 podsetio je da su odnosi koje imamo sa Italijom izuzetni, a kao jedan od primera za to naveo je vi\u0161egodi\u0161nju saradnju pokrajine Frulija-Venecija-\u0110ulija i Vojvodine.<BR>\u201eTrenutno 200 italijanskih kompanija posluje u na\u0161oj zemlji. Italija je tre\u0107i trgovinski partner Srbije i Vojvodine, a italijanske firme su u na\u0161oj pokrajini na tre\u0107em mestu po zapo\u0161ljavanju sa ukupno 8.253 zaposlena\u201c, istakao je predsednik Pajti\u0107 uz poziv italijanskim investitorima da iskoriste potencijale koji su im na raspolaganju za saradnju u oblasti privrede.<\/P><br \/>\n<P>Ambasador Italije \u0110uzepe Manco istakao je da imamo stalnu podr\u0161ku Italije, izraziv\u0161i posebno zadovoljstvo postoje\u0107om investicionom klimom u Vojvodini. U razgovoru je preneo spremnost Italije da nam pomogne u razvoju programa usmerenih na ja\u010danje kapaciteta lokalne samouprave, te saradnje Vojvodine i Umbrije povodom kandidature Novog Sada i Peru\u0111e za evropsku prestonicu kulture u 2020 godini.<BR><\/P><br \/>\n<P><U>Saop\u0161tenje Grada Novog Sada<\/U>:<\/P><br \/>\n<P><STRONG>Ambasador Italije u poseti Novom Sadu<\/STRONG><\/P><br \/>\n<P><STRONG><IMG style=\"WIDTH: 300px; HEIGHT: 184px\" border=\"0\" alt=\"Ambasador Manco sa gradona\u010delnikom Novog Sada Vu\u010devi\u0107em\" src=\"\/resource\/2013\/11\/AmbasciatoreManzoconilSindacodiNoviSadMilosVucevic.jpg\" width=\"324\" height=\"203\"><BR><BR><\/STRONG>Gradona\u010delnik Novog Sada Milo\u0161 Vu\u010devi\u0107 primio je u Sve\u010danoj sali Gradske ku\u0107e ambasadora Italije u Republici Srbiji NJ.E. gospodina \u0110uzepea Manca. Gradona\u010delnik Vu\u010devi\u0107 je tom prilikom ambasadoru Italije po\u017eeleo dobrodo\u0161licu i izrazio zadovoljstvo njegovom posetom, a ambasador se zahvalio na srda\u010dnom prijemu i naglasio da su me\u0111unarodni kontakti od velikog zna\u010daja za ja\u010danje razvojnih potencijala grada.<BR><BR>Gradona\u010delnik i ambasador Italije su se u razgovoru slo\u017eili da je privla\u010denje novih investicija glavni uslov za pobolj\u0161avanje ekonomskih prilika, odnosno \u017eivotnog standarda gra\u0111ana, a da je upravo na tom polju mogu\u0107a saradnja gradova Italije sa Novim Sadom. Ambasador je tom prilikom istakao u\u010de\u0161\u0107e italijanskih kompanija na slede\u0107em Poljoprivrednom sajmu u Novom Sadu u maju 2014. godine, \u0161to \u0107e dodatno oja\u010dati uzajamnu saradnju na privrednom nivou.<BR><BR>Gradona\u010delnik je izrazio spremnost za nastavak i intenziviranje saradnje sa Republikom Italijom kroz sporazume i projekte u narednom periodu, a kao jedan od najva\u017enijih gradona\u010delnik je naglasio realizaciju investicije italijanske kompanije K314 koja je odlu\u010dila da njena prva investiciona lokacija van Italije bude upravo Novi Sad, jer je u njemu prona\u0161la odgovaraju\u0107eg partnera i potrebnu infrastrukturu za proizvodnju i montiranje elektronskih plo\u010da i elektronskih sklopova.<BR><BR>Ambasador Italije u Srbiji \u0110uzepe Manco izjavio je da Srbija, kao i Grad Novi Sad za italijanske privrednike predstavljaju pouzdane partnere i bazu pogodnu za nastupanje ka drugim tr\u017ei\u0161tima i izrazio zadovoljstvo \u0161to i na polju obrazovanja i nauke postoji uspe\u0161na kooperacija dve zemlje koja se sve vi\u0161e produbljuje.<\/P><br \/>\n<P><BR><U>Saop\u0161tenje Skup\u0161tine AP Vojvodina<\/U>:<\/P><br \/>\n<P><STRONG>Pastor i Manco: Produbiti privrednu saradnju i privu\u0107i investitore<\/STRONG><\/P><br \/>\n<P><IMG style=\"WIDTH: 307px; HEIGHT: 189px\" border=\"0\" alt=\"Ambasador Manco sa predsednikom Skup\u0161tine Vojvodine Pastorom\" src=\"\/resource\/2013\/11\/ManzoPastor1.jpg\" width=\"397\" height=\"248\"><BR><\/P><br \/>\n<P>Okviri potpisanih institucionalnih sporazuma moraju biti popunjeni konkretnim sadr\u017eajem, a postoji veliki prostor za pobolj\u0161anje dosada\u0161nje privredne saradnje Vojvodine i italijanskih regija, zaklju\u010deno je danas na sastanku predsednika Skup\u0161tine AP Vojvodine I\u0161tvana Pastora i ambasadora Italije u Beogradu \u0110uzepea Mancoa.<\/P><br \/>\n<P>Govore\u0107i o imid\u017eu Vojvodine i Srbije, kao i investicionim potencijalima, predsednik Pastor je istakao da je va\u017eno stvoriti \u0161to realisti\u010dniju sliku i udaljiti se od stereotipa koji postoje jo\u0161 iz vremena devedesetih. On je dodao i da je neophodno pored institucionalnih kontakata negovati i direktne ljudske kontakte, te da u ovakve vidove saradnje pokrajinska administracija ula\u017ee velike napore.<\/P><br \/>\n<P>\u201e\u0160to se ti\u010de privredne saradnje, u nekoliko navrata na\u0161i investicioni potencijali su prezentovani italijanskim privrednicima. Izgradili smo i \u010ditav niz institucija koje se bave prezentacijom potencijala i privla\u010denjem investicija, a realizovali smo i nekoliko projekata koji su doveli do toga da ovda\u0161nje prilike pribli\u017eimo zainteresovanim investitorima iz Italije\u201c, istakao je predsednik Pastor i dodao da pored celovite slike ovda\u0161njih mogu\u0107nosti kojom pokrajina raspola\u017ee, Vlada i Skup\u0161tina su spremni da daju odgovaraju\u0107a re\u0161enja izme\u0111u kojih bi se birala najprihvatljivija za dalju saradnju.<\/P><br \/>\n<P>Ambasador Manco, koji je u prvoj zvani\u010dnoj poseti od imenovanja, obavestio je predsednika Pastora da je odr\u017eao sastanak sa italijanskim privrednicima u Vojvodini koji su veoma zadovoljni poslovnom klimom i okru\u017eenjem.<\/P><br \/>\n<P>\u201eMe\u0111udr\u017eavni odnosi su samo jedan od mogu\u0107ih puteva privla\u010denja investicija. Vojvodina ima mogu\u0107nost da se predstavi italijanskim regionima i putem asocijacija koje ve\u0107 postoje, organizovanjem susreta preduzetnika, kao i posetama zvani\u010dnika Skup\u0161tine i Vlade. Tako\u0111e, jedan vid saradnje mo\u017ee da se ostvari izme\u0111u na\u0161ih privrednika i studenata italijanskog jezika, a ne sme se zanemariti ni saradnja u oblasti kulture koja doprinosi produbljivanju odnosa na\u0161ih regija\u201c, istakao je italijanski ambasador i dodao da je Italija veoma zainteresovana za sajamske aktivnosti.<\/P><br \/>\n<P>Pastor i Menco slo\u017eili su se da u budu\u0107em periodu italijanske regije i privrednici uzmu u\u010de\u0161\u0107e u sajamskim manifestacijama u Novom Sadu, posebno u okviru poljoprivrednog sajma i sajma turizma, a dogovoreno je da se jedan od narednih sastanaka odr\u017ei upravo na Novosadskom sajmu kako bi se sagledale mogu\u0107nosti ve\u0107eg u\u010de\u0161\u0107a i prezentacija.<BR><BR><BR><\/P><\/p>\n","protected":false},"excerpt":{"rendered":"Saop\u0161tenje Vlade AP Vojvodina:Predsednik Pajti\u0107 sastao se sa ambasadorom Republike Italije Predsednik Vlade Vojvodine dr Bojan Pajti\u0107 primio je Nj.E. \u0110uzepea Manca, ambasadora Italije u Republici Srbiji, koji danas boravi u prvoj zvani\u010dnoj poseti Vojvodini. U otvorenom i srda\u010dnom razgovoru, sagovornici su konstatovali da u Srbiji i Vojvodini postoje brojne italijanske investicije koje imaju kontinuitet. [&hellip;]","protected":false},"author":1,"featured_media":0,"comment_status":"","ping_status":"","sticky":false,"template":"","format":"standard","meta":{"footnotes":""},"tags":[],"class_list":["post-8316","post","type-post","status-publish","format-standard","hentry"],"_links":{"self":[{"href":"https:\/\/ambbelgrado.esteri.it\/sr\/wp-json\/wp\/v2\/posts\/8316","targetHints":{"allow":["GET"]}}],"collection":[{"href":"https:\/\/ambbelgrado.esteri.it\/sr\/wp-json\/wp\/v2\/posts"}],"about":[{"href":"https:\/\/ambbelgrado.esteri.it\/sr\/wp-json\/wp\/v2\/types\/post"}],"author":[{"embeddable":true,"href":"https:\/\/ambbelgrado.esteri.it\/sr\/wp-json\/wp\/v2\/users\/1"}],"replies":[{"embeddable":true,"href":"https:\/\/ambbelgrado.esteri.it\/sr\/wp-json\/wp\/v2\/comments?post=8316"}],"version-history":[{"count":0,"href":"https:\/\/ambbelgrado.esteri.it\/sr\/wp-json\/wp\/v2\/posts\/8316\/revisions"}],"wp:attachment":[{"href":"https:\/\/ambbelgrado.esteri.it\/sr\/wp-json\/wp\/v2\/media?parent=8316"}],"wp:term":[{"taxonomy":"post_tag","embeddable":true,"href":"https:\/\/ambbelgrado.esteri.it\/sr\/wp-json\/wp\/v2\/tags?post=8316"}],"curies":[{"name":"wp","href":"https:\/\/api.w.org\/{rel}","templated":true}]}}