{"id":8311,"date":"2013-11-13T13:32:35","date_gmt":"2013-11-13T12:32:35","guid":{"rendered":"https:\/\/ambbelgrado.esteri.it\/news\/dall_ambasciata\/2013\/11\/workshop-su-restauro-ambasciata-e-cik-2\/"},"modified":"2013-11-13T13:32:35","modified_gmt":"2013-11-13T12:32:35","slug":"workshop-su-restauro-ambasciata-e-cik-2","status":"publish","type":"post","link":"https:\/\/ambbelgrado.esteri.it\/sr\/news\/dall_ambasciata\/2013\/11\/workshop-su-restauro-ambasciata-e-cik-2\/","title":{"rendered":"Italijansko-srpska bilateralna radionica &#8222;Nauka za kulturno nasledje&#8220;"},"content":{"rendered":"<p><P><IMG style=\"WIDTH: 273px; HEIGHT: 188px\" border=\"0\" alt=\"Italijansko-srpska bilateralna radionica\" src=\"\/resource\/2013\/11\/foto03.JPG\" width=\"273\" height=\"250\"><\/P><P><IMG style=\"WIDTH: 274px; HEIGHT: 161px\" border=\"0\" alt=\"Italijansko-srpska bilateralna radionica\" src=\"\/resource\/2013\/11\/foto04.JPG\" width=\"274\" height=\"199\"><\/P><br \/>\n<P>U utorak 12. novembra 2013.\u00a0sa po\u010detkom u 9:30 u Muzeju istorije Jugoslavije, Boti\u0107eva 6, odr\u017ea\u0107e se italijansko-srpska radionica \u201cNauka za kulturno nasle\u0111e\u201d, koju organizuje Ambasada Italije u Beogradu u saradnji sa Centralnim institutom za konzervaciju (CIK).<\/P><br \/>\n<P>Na konferenciji koju \u0107e otvoriti NJ.E. ambasador Italije u Beogradu \u0110uzepe Manco,\u00a0\u00a0 u\u010destvova\u0107e preko 100 predstavnika najpresti\u017enijih institucija za obrazovanje i za\u0161titu kulturnih dobara iz obe zemlje, od kojih Italiju predstavljaju Univerzitet \u201cLa Sapienza\u201d iz Rima, Nacionalna agencija za nove energetske tehnologije (ENEA) i Nacionalni istra\u017eiva\u010dki savet (CNR).<\/P><br \/>\n<P>Ova konferencija \u0107e pru\u017eiti priliku da se predstave istra\u017eiva\u010dka dostignu\u0107a u oblasti za\u0161tite kulturnih dobara u Italiji i Srbiji, kao i brojni projekti bilaterale saradnje vo\u0111eni u okviru Protokola o nau\u010dnoj i tehnolo\u0161koj saradnji koji je potpisan u julu pro\u0161le godine. Raspravlja\u0107e se i o strategijama koje bi, u okviru regiona, oja\u010dale mre\u017eu italijanskih i srpskih instituta koji rade u ovom sektoru, a u svetlu evropskih konkursa \u201cHorizon 2020\u201d.<\/P><br \/>\n<P>Tokom ove radionice bi\u0107e prakti\u010dno demonstrirana unapre\u0111ena oprema koju je CIK-u donirala Italijansko odeljenje za razvoj (Cooperazione allo Sviluppo italiana) \u2013 koja se koristi za dijagnostifikovanje strukture kao i za \u010di\u0161\u0107enje umetni\u010dkih predmeta, me\u0111u kojima su i slike srpskog slikara Petra Lubarde (1907-1974) nedavno restaurisane i predstavljene publici tokom doga\u0111aja odr\u017eanog pro\u0161log 18. jula u Rezidenciji ambasadora Italije.<\/P><br \/>\n<P>Svoj doprinos organizaciji ove radionice dali su i Asocijacija italijanskih i srpskih nau\u010dnika i istra\u017eiva\u010da AIS3, Institut za nuklearne nauke iz Vin\u010de, Institut za fiziku iz Beograda i Italijansko odeljenje za razvoj u Beogradu koje je dalo zna\u010dajan doprinos stvaranju CIK-a kroz opremanje laboratorija, obuku stru\u010dnjaka i donaciju aparatura za opremanje pomenutih laboratorija u iznosu od skoro 1.000.000 evra.<\/P><br \/>\n<P>Osoba za kontakt: Ana Kocjan iz Centralnog insitituta za konzervaciju u Beogradu (tel. 064 838 99 05).<\/P><br \/>\n<P><BR><BR>\u00a0<\/P><\/p>\n","protected":false},"excerpt":{"rendered":"U utorak 12. novembra 2013.\u00a0sa po\u010detkom u 9:30 u Muzeju istorije Jugoslavije, Boti\u0107eva 6, odr\u017ea\u0107e se italijansko-srpska radionica \u201cNauka za kulturno nasle\u0111e\u201d, koju organizuje Ambasada Italije u Beogradu u saradnji sa Centralnim institutom za konzervaciju (CIK). Na konferenciji koju \u0107e otvoriti NJ.E. ambasador Italije u Beogradu \u0110uzepe Manco,\u00a0\u00a0 u\u010destvova\u0107e preko 100 predstavnika najpresti\u017enijih institucija za [&hellip;]","protected":false},"author":1,"featured_media":0,"comment_status":"","ping_status":"","sticky":false,"template":"","format":"standard","meta":{"footnotes":""},"tags":[],"class_list":["post-8311","post","type-post","status-publish","format-standard","hentry"],"_links":{"self":[{"href":"https:\/\/ambbelgrado.esteri.it\/sr\/wp-json\/wp\/v2\/posts\/8311","targetHints":{"allow":["GET"]}}],"collection":[{"href":"https:\/\/ambbelgrado.esteri.it\/sr\/wp-json\/wp\/v2\/posts"}],"about":[{"href":"https:\/\/ambbelgrado.esteri.it\/sr\/wp-json\/wp\/v2\/types\/post"}],"author":[{"embeddable":true,"href":"https:\/\/ambbelgrado.esteri.it\/sr\/wp-json\/wp\/v2\/users\/1"}],"replies":[{"embeddable":true,"href":"https:\/\/ambbelgrado.esteri.it\/sr\/wp-json\/wp\/v2\/comments?post=8311"}],"version-history":[{"count":0,"href":"https:\/\/ambbelgrado.esteri.it\/sr\/wp-json\/wp\/v2\/posts\/8311\/revisions"}],"wp:attachment":[{"href":"https:\/\/ambbelgrado.esteri.it\/sr\/wp-json\/wp\/v2\/media?parent=8311"}],"wp:term":[{"taxonomy":"post_tag","embeddable":true,"href":"https:\/\/ambbelgrado.esteri.it\/sr\/wp-json\/wp\/v2\/tags?post=8311"}],"curies":[{"name":"wp","href":"https:\/\/api.w.org\/{rel}","templated":true}]}}