{"id":8305,"date":"2013-11-15T15:40:35","date_gmt":"2013-11-15T14:40:35","guid":{"rendered":"https:\/\/ambbelgrado.esteri.it\/news\/dall_ambasciata\/2013\/11\/2013-11-15-dassu-2\/"},"modified":"2013-11-15T15:40:35","modified_gmt":"2013-11-15T14:40:35","slug":"2013-11-15-dassu-2","status":"publish","type":"post","link":"https:\/\/ambbelgrado.esteri.it\/sr\/news\/dall_ambasciata\/2013\/11\/2013-11-15-dassu-2\/","title":{"rendered":"Ministar bez portfelja u Vladi Republike Srbije zadu\u017een za evropske integracije Branko Ru\u017ei\u0107 i \u0161ef Pregovara\u010dkog tima za vo\u0111enje pregovora o pristupanju Srbije EU Tanja Mi\u0161\u010devi\u0107\u00a0u dvodnevnoj radnoj poseti Italiji 14. i 15. novembra."},"content":{"rendered":"<p><P>Ru\u017ei\u0107 i Mi\u0161\u010devi\u0107 \u0107e se prvog dana posete sastati sa biv\u0161im ministrom spoljnih poslova Italije i predsednikom Italijanskog dru\u0161tva za me\u0111unarodne organizacije (SIOI) Frankom Fratinijem.\u00a0<BR>Delegacija Srbije sasta\u0107e se sa ministrom za evropske poslove Italije Enzom Moaverom Milanesijem, kao i sa predsedavaju\u0107im parlamentarnoj Grupi prijateljstva sa Srbijom Stefanom Dambruozom i \u010dlanovima Parlamenta.<BR>Nakon toga, Ru\u017ei\u0107 i Mi\u0161\u010devi\u0107 \u0107e razgovarati sa savetnikom predsednika Vlade Italije Enrika Lete Armandom Varikiom.<BR>Oni \u0107e, drugog dana posete, razgovarati sa zamenikom ministra spoljnih poslova Italije Martom Dasu.<BR>Mi\u0161\u010devi\u0107 \u0107e odr\u017eati predavanje u organizaciji Italijanskog dru\u0161tva za me\u0111unarodne organizacije (SIOI). <BR>Nakon toga, delegacija Srbije sasta\u0107e se sa delegacijom Ministarstva pravde Italije.<BR><\/P><P><STRONG>Ru\u017ei\u0107 i Mi\u0161\u010devi\u0107 sa Milanezijem u Rimu<BR><\/STRONG><EM>(Agencija Beta i Blic):<\/EM><BR>Ministar za evropske integracije Branko Ru\u017ei\u0107 i \u0161efica tima za pregovore o pristupanju Srbije Evropskoj uniji Tanja Mi\u0161\u010devi\u0107 <EM>razgovarali su danas u Rimu sa <STRONG>italijanskim ministrom za evropske poslove Encom Moaverom Milanezijem<\/STRONG><\/EM>.<BR>Srpski zvani\u010dnici razgovarali su sa italijanskim ministrom o napretku Srbije u evropskim integracijama, a obe strane izrazile su zadovoljstvo povodom stupanja na snagu 1. septembra 2013. Sporazuma o stabilizaciji i pridru\u017eivanju izme\u0111u Srbije i EU, prenela je italijanska agencija AgenParl.<BR>Moavero je potvrdio da \u0107e italijanska vlada podr\u017eati, na slede\u0107em samitu Evropskog saveta, &#8222;\u0161to skorije organizovanje me\u0111uvladine konferencije EU i Srbije&#8220;. \u201cItalija \u0107e tokom svog predsedavanja EU, u drugoj polovini 2014, dati prioritet pregovorima o priklju\u010denju Srbije Uniji\u201d &#8211; naveo je Moavero. <BR>Ru\u017ei\u0107 i Mi\u0161\u010devi\u0107eva po\u010deli su danas dvodnevnu posetu Italiji.<\/P><br \/>\n<P><STRONG>Mi\u0161\u010devi\u0107 i Ru\u017ei\u0107 nastavljaju posetu Italiji<BR><\/STRONG><EM>(Agencija Tanjug i B92)<\/EM>:<BR>Rim &#8211; Ministar bez portfelja zadu\u017een za evropske integracije Branko Ru\u017ei\u0107 i \u0161ef pregovara\u010dkog tima Srbije sa EU Tanja Mi\u0161\u010devi\u0107 nastavljaju posetu Italiji.<BR>Oni \u0107e danas razgovarati <EM>sa zamenicom ministra spoljnih poslova <STRONG>Martom Dasu<\/STRONG> i generalnim direktorom za evropska pitanja <STRONG>Lui\u0111jijem Matiolom<\/STRONG>.<BR><\/EM>Ru\u017ei\u0107 je sino\u0107 u izjavi Tanjugu, na kraju prvog dana zvani\u010dne posete Italiji, istakao da su italijanski zvani\u010dnici iskazali jasnu i iskrenu podr\u0161ku evropskim integracijama Srbije.<BR>Ru\u017ei\u0107 je rekao da je italijanski ministar za evropske poslove <EM><STRONG>Enco Moavero Milanezi<\/STRONG><\/EM> iskazao veoma jasnu, jaku i iskrenu podr\u0161ku \u0161to ranijem odr\u017eavanju Me\u0111uvladine konferencije, koja bi trebalo da bude najkasnije u januaru. &#8222;Ali, postoji iskrena te\u017enja da se \u010dak inicira odr\u017eavanje prve Me\u0111uvladine konferencije do kraja ove godine&#8220;, rekao je Ru\u017ei\u0107.<BR>Ru\u017ei\u0107 i Mi\u0161\u010devi\u0107 ju\u010de su razgovarali i sa <EM>spoljno politi\u010dkim savetnikom premijera Italije Enrika Lete, <STRONG>Armandom Varikiom<\/STRONG><\/EM> koji je tako\u0111e pru\u017eio jasnu podr\u0161ku evropskim integracijama Srbije. <BR>&#8222;Raspravljali smo o zajedni\u010dkim aktivnostima do 20. decembra, pre svega na afirmisanju na\u0161e realisti\u010dne pozicije povodom pregovara\u010dkog okvira, \u0161to je dokument koji \u0107e u mnogome opredeliti dinamiku, strukturu i sam proces pregovaranja u pristupanju EU, imaju\u0107i u vidu specifi\u010dnosti koje Srbija sa sobom nosi &#8211; implementaciju Briselskog sporazuma i normalizaciju odnosa Beograda i Pri\u0161tine&#8220;, rekao je Ru\u017ei\u0107. <BR>On je istakao da je sa <EM>biv\u0161im ministrom spoljnih poslova Italije i predsednikom Italijanskog dru\u0161tva za me\u0111unarodne organizacije <STRONG>Frankom Fratinijem<\/STRONG>, koji je i savetnik u Vladi Srbije<\/EM>, uradjena studiozna analiza, uz savetodavni karakter razgovora, a u vezi sa najzahtevnijim poglavljima koja su od najve\u0107eg zna\u010daja za Srbiju &#8211; poglavljima 23 i 24. <BR>&#8222;Ukupno, jedan pozitivan, jasan i jak signal i izra\u017eena je spremnost da Italija, kao iskren prijatelj Srbije, inicira vi\u0161e podr\u0161ke upravo onim stavovima koje Srbija plasira u ovo predve\u010derje u otpo\u010dinjanju pregovora sa EU, kako u simboli\u010dkom, tako i u su\u0161tinskom smislu&#8220;, zaklju\u010dio je Ru\u017ei\u0107.<\/P><br \/>\n<P><BR>\u00a0<\/P><\/p>\n","protected":false},"excerpt":{"rendered":"Ru\u017ei\u0107 i Mi\u0161\u010devi\u0107 \u0107e se prvog dana posete sastati sa biv\u0161im ministrom spoljnih poslova Italije i predsednikom Italijanskog dru\u0161tva za me\u0111unarodne organizacije (SIOI) Frankom Fratinijem.\u00a0Delegacija Srbije sasta\u0107e se sa ministrom za evropske poslove Italije Enzom Moaverom Milanesijem, kao i sa predsedavaju\u0107im parlamentarnoj Grupi prijateljstva sa Srbijom Stefanom Dambruozom i \u010dlanovima Parlamenta.Nakon toga, Ru\u017ei\u0107 i Mi\u0161\u010devi\u0107 [&hellip;]","protected":false},"author":1,"featured_media":0,"comment_status":"","ping_status":"","sticky":false,"template":"","format":"standard","meta":{"footnotes":""},"tags":[],"class_list":["post-8305","post","type-post","status-publish","format-standard","hentry"],"_links":{"self":[{"href":"https:\/\/ambbelgrado.esteri.it\/sr\/wp-json\/wp\/v2\/posts\/8305","targetHints":{"allow":["GET"]}}],"collection":[{"href":"https:\/\/ambbelgrado.esteri.it\/sr\/wp-json\/wp\/v2\/posts"}],"about":[{"href":"https:\/\/ambbelgrado.esteri.it\/sr\/wp-json\/wp\/v2\/types\/post"}],"author":[{"embeddable":true,"href":"https:\/\/ambbelgrado.esteri.it\/sr\/wp-json\/wp\/v2\/users\/1"}],"replies":[{"embeddable":true,"href":"https:\/\/ambbelgrado.esteri.it\/sr\/wp-json\/wp\/v2\/comments?post=8305"}],"version-history":[{"count":0,"href":"https:\/\/ambbelgrado.esteri.it\/sr\/wp-json\/wp\/v2\/posts\/8305\/revisions"}],"wp:attachment":[{"href":"https:\/\/ambbelgrado.esteri.it\/sr\/wp-json\/wp\/v2\/media?parent=8305"}],"wp:term":[{"taxonomy":"post_tag","embeddable":true,"href":"https:\/\/ambbelgrado.esteri.it\/sr\/wp-json\/wp\/v2\/tags?post=8305"}],"curies":[{"name":"wp","href":"https:\/\/api.w.org\/{rel}","templated":true}]}}