{"id":8301,"date":"2013-11-18T07:55:32","date_gmt":"2013-11-18T06:55:32","guid":{"rendered":"https:\/\/ambbelgrado.esteri.it\/news\/dall_ambasciata\/2013\/11\/2013-11-16-visita-dambruoso-2\/"},"modified":"2013-11-18T07:55:32","modified_gmt":"2013-11-18T06:55:32","slug":"2013-11-16-visita-dambruoso-2","status":"publish","type":"post","link":"https:\/\/ambbelgrado.esteri.it\/sr\/news\/dall_ambasciata\/2013\/11\/2013-11-16-visita-dambruoso-2\/","title":{"rendered":"Italija-Srbija: Dambruozo u Beogradu, podr\u0161ka evropskom putu SrbijeSusret predsednika parlamentarnih Grupa prijateljstva"},"content":{"rendered":"<p><P>\u00a0(ANSA) &#8211; BEOGRAD, 16. novembar \u2013 Stefano Dambruozo predsednik parlamentarne grupe prijateljstva sa Srbijom je istakao da \u0107e Italija nastaviti sa pru\u017eanjem pune podr\u0161ke procesu evropskih intregracija Srbije. On se u Beogradu sreo sa srpskom koleginicom Sandom Ra\u0161kovi\u0107 Ivi\u0107, biv\u0161im ambasadorom u Rimu koja u Narodnoj skup\u0161tini Srbije predsedava grupom prijateljstva izmedju Srbije i Italije.<BR>\u00a0&#8220;Optimista sam po pitanju evropske budu\u0107nosti Srbije i perspektive njene pune intregracije u Evropsku uniju, uzimaju\u0107i u obzir i predsedavanje Italije Evropskom unijom u drugoj polovini 2014. godine, izjavio je Dambruozo prilikom sastanka sa srpskom kolegnicom sino\u0107 u Ambasadi Italije. Taj susret je organiozovao ambasador \u0110uzepe Manco i u njemu su uzeli u\u010de\u0161\u0107e predstavnici privrede, kulture, medija koji su naro\u010dito zainteresovani za razvoj odnosa sa Italijom.<BR>\u00a0Sanda Ra\u0161kovi\u0107 Ivi\u0107 je zahvalila Italiji na konstantnoj podr\u0161ci evropskom putu Beograda. \u201cItalija je uvek bila uz nas, ona je na\u0161 va\u017ean ekonomski partner i velesila u oblasti kuture. Za mene \u0107e uvek biti druga domovina\u201c, izjavila je.\u00a0 <\/P><br \/>\n<P>\u00a0<\/P><\/p>\n","protected":false},"excerpt":{"rendered":"\u00a0(ANSA) &#8211; BEOGRAD, 16. novembar \u2013 Stefano Dambruozo predsednik parlamentarne grupe prijateljstva sa Srbijom je istakao da \u0107e Italija nastaviti sa pru\u017eanjem pune podr\u0161ke procesu evropskih intregracija Srbije. On se u Beogradu sreo sa srpskom koleginicom Sandom Ra\u0161kovi\u0107 Ivi\u0107, biv\u0161im ambasadorom u Rimu koja u Narodnoj skup\u0161tini Srbije predsedava grupom prijateljstva izmedju Srbije i Italije.\u00a0&#8220;Optimista [&hellip;]","protected":false},"author":1,"featured_media":0,"comment_status":"","ping_status":"","sticky":false,"template":"","format":"standard","meta":{"footnotes":""},"tags":[],"class_list":["post-8301","post","type-post","status-publish","format-standard","hentry"],"_links":{"self":[{"href":"https:\/\/ambbelgrado.esteri.it\/sr\/wp-json\/wp\/v2\/posts\/8301","targetHints":{"allow":["GET"]}}],"collection":[{"href":"https:\/\/ambbelgrado.esteri.it\/sr\/wp-json\/wp\/v2\/posts"}],"about":[{"href":"https:\/\/ambbelgrado.esteri.it\/sr\/wp-json\/wp\/v2\/types\/post"}],"author":[{"embeddable":true,"href":"https:\/\/ambbelgrado.esteri.it\/sr\/wp-json\/wp\/v2\/users\/1"}],"replies":[{"embeddable":true,"href":"https:\/\/ambbelgrado.esteri.it\/sr\/wp-json\/wp\/v2\/comments?post=8301"}],"version-history":[{"count":0,"href":"https:\/\/ambbelgrado.esteri.it\/sr\/wp-json\/wp\/v2\/posts\/8301\/revisions"}],"wp:attachment":[{"href":"https:\/\/ambbelgrado.esteri.it\/sr\/wp-json\/wp\/v2\/media?parent=8301"}],"wp:term":[{"taxonomy":"post_tag","embeddable":true,"href":"https:\/\/ambbelgrado.esteri.it\/sr\/wp-json\/wp\/v2\/tags?post=8301"}],"curies":[{"name":"wp","href":"https:\/\/api.w.org\/{rel}","templated":true}]}}