{"id":8295,"date":"2013-11-29T09:09:21","date_gmt":"2013-11-29T08:09:21","guid":{"rendered":"https:\/\/ambbelgrado.esteri.it\/news\/dall_ambasciata\/2013\/11\/bonino-editto-di-costantino-ancora-attuale-per-promozione-tolleranza-2\/"},"modified":"2013-11-29T09:09:21","modified_gmt":"2013-11-29T08:09:21","slug":"bonino-editto-di-costantino-ancora-attuale-per-promozione-tolleranza-2","status":"publish","type":"post","link":"https:\/\/ambbelgrado.esteri.it\/sr\/news\/dall_ambasciata\/2013\/11\/bonino-editto-di-costantino-ancora-attuale-per-promozione-tolleranza-2\/","title":{"rendered":"Italija-Srbija: ministarka Bonino, Konstantinov edikt jo\u0161 uvek aktuelan zbog promovisanja tolerancije"},"content":{"rendered":"<p><P>Rim, 28. nov (Agencija Nova) \u2013 <STRONG>Konstantinov edikt<\/STRONG>, koji je donet pre 17 vekova odnosno 313. godine n.e., postavio je osnove onoga \u0161to je tek nedavno postalo su\u0161tina me\u0111unarodnih konvencija \u2013 a to je tolerancija. Ovo je danas izjavila u Rimu <STRONG>ministarka spoljnih poslova Italije Ema Bonino<\/STRONG>, prilikom otvaranja izlo\u017ebe \u201eKonstantin \u2013 Konstantinov edikt posle 1700 godina, radovi Veljka Mijajlovi\u0107a\u201c. \u201eVolim da se setim Kontantinovog edikta pod drugim imenom, kao edikta tolerancije. On je u to vreme posedovao dalekovidost ali vekovima nije bio sprovo\u0111en, verski ratovi su krvlju obele\u017eili na\u0161u istoriju i istoriju Evrope\u201c.<BR><BR>Ministarka Bonino je podvukla da je pogre\u017eno govoriti o sukobu civilizacija, zapravo se radi o sukobu izme\u0111u netolerancija. <BR><BR>Konstantin je \u201erazumeo da raznolikost jezika, kultura i religija ne predstavlja opasnost, ve\u0107 bogatstvo. To bi trebalo uvek da imamo u vidu\u201c. <BR><BR><STRONG>Ambasadorka Srbije u Rimu Ana Hrustanovi\u0107<\/STRONG> podsetila je da Srbija i Italija slede\u0107e godine obele\u017eavaju 135 godina bilateralnih odnosa. \u201eVe\u0107 nekoliko godina nas spaja strate\u0161ko partnerstvo a zahvaljuju\u0107i Konstantinu, delimo i 1700 godina iste vizije koje su danas evropske vizije tolerancije i prijateljstva i zajedni\u010de evropske ku\u0107e kojoj Srbija \u017eeli da se priklju\u010di \u0161to pre\u201c, rekla je Hrustanovic, zahvaljuju\u0107i ministarki Bonino i Italiji na konstantnoj podr\u0161ci na evropskom putu Beograda. <BR><BR>Izlo\u017eba je postavljena u muzeju Rimskog foruma i sadr\u017ei 49 grafika.<BR><\/P><\/p>\n","protected":false},"excerpt":{"rendered":"Rim, 28. nov (Agencija Nova) \u2013 Konstantinov edikt, koji je donet pre 17 vekova odnosno 313. godine n.e., postavio je osnove onoga \u0161to je tek nedavno postalo su\u0161tina me\u0111unarodnih konvencija \u2013 a to je tolerancija. Ovo je danas izjavila u Rimu ministarka spoljnih poslova Italije Ema Bonino, prilikom otvaranja izlo\u017ebe \u201eKonstantin \u2013 Konstantinov edikt posle [&hellip;]","protected":false},"author":1,"featured_media":0,"comment_status":"","ping_status":"","sticky":false,"template":"","format":"standard","meta":{"footnotes":""},"tags":[],"class_list":["post-8295","post","type-post","status-publish","format-standard","hentry"],"_links":{"self":[{"href":"https:\/\/ambbelgrado.esteri.it\/sr\/wp-json\/wp\/v2\/posts\/8295","targetHints":{"allow":["GET"]}}],"collection":[{"href":"https:\/\/ambbelgrado.esteri.it\/sr\/wp-json\/wp\/v2\/posts"}],"about":[{"href":"https:\/\/ambbelgrado.esteri.it\/sr\/wp-json\/wp\/v2\/types\/post"}],"author":[{"embeddable":true,"href":"https:\/\/ambbelgrado.esteri.it\/sr\/wp-json\/wp\/v2\/users\/1"}],"replies":[{"embeddable":true,"href":"https:\/\/ambbelgrado.esteri.it\/sr\/wp-json\/wp\/v2\/comments?post=8295"}],"version-history":[{"count":0,"href":"https:\/\/ambbelgrado.esteri.it\/sr\/wp-json\/wp\/v2\/posts\/8295\/revisions"}],"wp:attachment":[{"href":"https:\/\/ambbelgrado.esteri.it\/sr\/wp-json\/wp\/v2\/media?parent=8295"}],"wp:term":[{"taxonomy":"post_tag","embeddable":true,"href":"https:\/\/ambbelgrado.esteri.it\/sr\/wp-json\/wp\/v2\/tags?post=8295"}],"curies":[{"name":"wp","href":"https:\/\/api.w.org\/{rel}","templated":true}]}}