{"id":8283,"date":"2013-12-02T14:01:03","date_gmt":"2013-12-02T13:01:03","guid":{"rendered":"https:\/\/ambbelgrado.esteri.it\/news\/dall_ambasciata\/2013\/12\/bazaar-di-natale-a-belgrado-2013-2\/"},"modified":"2013-12-02T14:01:03","modified_gmt":"2013-12-02T13:01:03","slug":"bazaar-di-natale-a-belgrado-2013-2","status":"publish","type":"post","link":"https:\/\/ambbelgrado.esteri.it\/sr\/news\/dall_ambasciata\/2013\/12\/bazaar-di-natale-a-belgrado-2013-2\/","title":{"rendered":"Dobrotvorni bazar 2013. u Beogradu, Italija oborila dupli rekord"},"content":{"rendered":"<p><P><IMG style=\"WIDTH: 293px; HEIGHT: 181px\" border=\"0\" alt=\"Italijanski \u0161tand na Dobrotvotnom bazaru 2013.\" src=\"\/resource\/2013\/12\/FOTOFOTO101.jpg\" width=\"302\" height=\"196\"><\/P><P><IMG style=\"WIDTH: 296px; HEIGHT: 180px\" border=\"0\" alt=\"Dobrotvorni bazar 2013. na Beogradskom sajmu\" src=\"\/resource\/2013\/12\/FOTOFOTO096.jpg\" width=\"305\" height=\"192\"><\/P><br \/>\n<P><IMG style=\"WIDTH: 299px; HEIGHT: 176px\" border=\"0\" alt=\"Italijanski \u0161tand na Dobrotvotnom bazaru 2013. god.\" src=\"\/resource\/2013\/12\/panettonifoto038.jpg\" width=\"277\" height=\"188\"><\/P><br \/>\n<P><A href=\"\/resource\/2013\/12\/ElencodonatoriBAZAR1.doc\">SPISAK DONATORA BAZAR 2013.<\/A> <\/P><br \/>\n<P><A href=\"http:\/\/www.flickr.com\/photos\/belgrado_italianembassy\/\">FOTO GALERIJA<\/A><\/P><br \/>\n<P><STRONG>Italija je prikupila 20.000 od ukupno 120.000 evra koji su prikupljeni u okviru Dobrotvornog bazara koji je odr\u017ean na Beogradskom sajmu u nedelju 1. decembra 2013. godine. Po podacima kojima raspola\u017eu organizatori Bazara, Italija je tako oborila dupli rekord sakupiv\u0161i najvi\u0161e novca od svih drugih ambasada koje su u\u010destvovale na bazaru a ujedno to je i najve\u0107a suma koja je ikada sakupljena u proteklih trinaest godina koliko se manifestacija odr\u017eava<\/STRONG>.<\/P><br \/>\n<P>&#8222;Italija je dokazala, uz doprinos desetina volontera i desetina donatora, da je\u00a0u Srbiji na prvom mestu ne samo po pitanju ekonomskih i politi\u010dkih odnosa ve\u0107 i po solidarnosti&#8220;, izjavio je ambasador \u0110uzepe Manco.<\/P><br \/>\n<P><SPAN style=\"FONT-FAMILY: 'Courier New'; FONT-SIZE: 12pt; mso-fareast-font-family: 'Times New Roman'; mso-ansi-language: IT; mso-fareast-language: IT; mso-bidi-language: AR-SA\"><U><FONT color=\"#810081\"><\/FONT><\/U><\/SPAN><\/P><SPAN style=\"FONT-FAMILY: 'Courier New'; FONT-SIZE: 12pt; mso-fareast-font-family: 'Times New Roman'; mso-ansi-language: IT; mso-fareast-language: IT; mso-bidi-language: AR-SA\"><FONT color=\"#810081\"><FONT color=\"#222222\" size=\"2\" face=\"Verdana\"><br \/>\n<P><BR>TANJUG:<BR><A href=\"http:\/\/www.tanjug.rs\/novosti\/108164\/dobrotvorni-bazar-medjunarodnog-kluba-zena.htm\">http:\/\/www.tanjug.rs\/novosti\/108164\/dobrotvorni-bazar-medjunarodnog-kluba-zena.htm<\/A><\/P><br \/>\n<P>BLIC:<BR><A href=\"http:\/\/www.blic.rs\/Vesti\/Beograd\/424039\/Dobrotvorni-bazar-sa-predstavnicima-48-zemalja-na-Beogradskom-sajmu\">http:\/\/www.blic.rs\/Vesti\/Beograd\/424039\/Dobrotvorni-bazar-sa-predstavnicima-48-zemalja-na-Beogradskom-sajmu<\/A><\/P><br \/>\n<P><BR><\/FONT>\u00a0<\/P><\/FONT><\/SPAN><\/p>\n","protected":false},"excerpt":{"rendered":"SPISAK DONATORA BAZAR 2013. FOTO GALERIJA Italija je prikupila 20.000 od ukupno 120.000 evra koji su prikupljeni u okviru Dobrotvornog bazara koji je odr\u017ean na Beogradskom sajmu u nedelju 1. decembra 2013. godine. Po podacima kojima raspola\u017eu organizatori Bazara, Italija je tako oborila dupli rekord sakupiv\u0161i najvi\u0161e novca od svih drugih ambasada koje su u\u010destvovale [&hellip;]","protected":false},"author":1,"featured_media":0,"comment_status":"","ping_status":"","sticky":false,"template":"","format":"standard","meta":{"footnotes":""},"tags":[],"class_list":["post-8283","post","type-post","status-publish","format-standard","hentry"],"_links":{"self":[{"href":"https:\/\/ambbelgrado.esteri.it\/sr\/wp-json\/wp\/v2\/posts\/8283","targetHints":{"allow":["GET"]}}],"collection":[{"href":"https:\/\/ambbelgrado.esteri.it\/sr\/wp-json\/wp\/v2\/posts"}],"about":[{"href":"https:\/\/ambbelgrado.esteri.it\/sr\/wp-json\/wp\/v2\/types\/post"}],"author":[{"embeddable":true,"href":"https:\/\/ambbelgrado.esteri.it\/sr\/wp-json\/wp\/v2\/users\/1"}],"replies":[{"embeddable":true,"href":"https:\/\/ambbelgrado.esteri.it\/sr\/wp-json\/wp\/v2\/comments?post=8283"}],"version-history":[{"count":0,"href":"https:\/\/ambbelgrado.esteri.it\/sr\/wp-json\/wp\/v2\/posts\/8283\/revisions"}],"wp:attachment":[{"href":"https:\/\/ambbelgrado.esteri.it\/sr\/wp-json\/wp\/v2\/media?parent=8283"}],"wp:term":[{"taxonomy":"post_tag","embeddable":true,"href":"https:\/\/ambbelgrado.esteri.it\/sr\/wp-json\/wp\/v2\/tags?post=8283"}],"curies":[{"name":"wp","href":"https:\/\/api.w.org\/{rel}","templated":true}]}}