{"id":8272,"date":"2013-12-04T13:33:03","date_gmt":"2013-12-04T12:33:03","guid":{"rendered":"https:\/\/ambbelgrado.esteri.it\/news\/dall_ambasciata\/2013\/12\/2013-12-04-festival-film-di-autore-2\/"},"modified":"2013-12-04T13:33:03","modified_gmt":"2013-12-04T12:33:03","slug":"2013-12-04-festival-film-di-autore-2","status":"publish","type":"post","link":"https:\/\/ambbelgrado.esteri.it\/sr\/news\/dall_ambasciata\/2013\/12\/2013-12-04-festival-film-di-autore-2\/","title":{"rendered":"Film: Veliki uspeh italijanskog filma na Festivalu autorskog filma u Beogradu. Rozi i Kota otvaraju i zatvaraju festival. Prikazan film Tavijanija."},"content":{"rendered":"<p><P><IMG style=\"WIDTH: 217px; HEIGHT: 287px\" border=\"0\" alt=\"Glumica Elena Kota i Ambasador Manco na Festivalu autorskog filma \" src=\"\/resource\/2013\/12\/fotoFestivalfilmdautoreElenaCottaeAmbManzoIMG_0616.jpg\" width=\"228\" height=\"350\"><\/P><P>BEOGRAD, 4\/12\/2013.(Agencija ANSA) \u2013 U Beogradu je zavr\u0161en u znaku Italije, kao \u0161to je i po\u010deo,\u00a0 <STRONG>19. Medjunarodni festival autorskog filma<\/STRONG>, na kome je dodeljeno specijalno priznanje filmu <STRONG>&#8216;Ulica u Palermu&#8217;<\/STRONG>, autora Eme Dante u kome glavnu ulogu iga <STRONG>Elena Kota<\/STRONG>, glumica kojoj je pripala nagrada\u00a0 Volpi u septembru na Festivalu u Veneciji, i koja je sino\u0107 prisustvovala sve\u010danom zatvaranju festivala.<BR>Italija je bila po\u010dasni gost festivala, na inicijativu i uz u\u010de\u0161\u0107e Italijanskog instituta za kulturu u Beogradu. Festival je otvoren 28. novembra projekcijom filma <STRONG>\u201cSveti GRA\u201d,<\/STRONG> dokumentarni film <STRONG>\u0110anfranka Rozija<\/STRONG> dobitnik Zlatnog lava na Festivalu filmske umetnosti u Veneciji. I reditelj Rozi je \u017eeleo da bude prisutan u Beogradu i da zvani\u010dno otvori Festival autorskog filma. U programu festivala prikazani su i filmovi &#8216;Cezar mora da umre&#8217; u re\u017eiji Paola i Vitorija Tavijanija, pobednik Zlatnog medveda pro\u0161le godine na Berlinskom festivalu.<\/P><br \/>\n<P>Gran pri 19. Festivala u Beogradu pripao je filmu\u00a0 \u201cPozicija deteta\u201d rumunskog reditelja Kalina Petera Necera, koji je pro\u0161log februara dobio Zlatnog medveda u Berlinu. Reditelj je li\u010dno primio nagradu.<BR>Festival je proglasila zatvorenim Elena Kota, kojoj je mnogobrojna publika u Domu omladine dugo aplaudirala. &#8220;Mo\u017eda je neobi\u010dno za moje godine, ali priznajem da sam zaista uzbu\u0111ena\u201d, rekla je italijanska glumica, i naglasila vrednost koju imaju festivali kao \u0161to je beogradski. <BR><STRONG><EM>&#8220;Moja poruka je ista kao i u filmu\u00a0 &#8216;Ulica u Palermu&#8217;, a to je da konflikti mogu i trebaju da se izbegnu. Narodi nikad ne \u017eele ratove. Moramo da \u0161tedimo energiju za ovakve divne inicijative i kulturnu razmenu\u201d, rekla je Elena Kota,<\/EM><\/STRONG> koja je na bini stajala pored ambasadora Italije u Beogradu \u0110uzepea Manca, i direktorke Italijanskog instituta za kulturu u Beogradu Sire Miori.<BR><STRONG><EM>&#8220;Ovogodi\u0161nji festival je progovorio italijanski, pa zato sada uzvra\u0107am porukom na srpskom\u201d, rekao je ambasador Manco propra\u0107en aplauzima. &#8220;Hvala na pa\u017enji koju ste ukazali Italiji. To pokazuje da na\u0161e prijateljstvo postoji i pred filmskim platnom\u201d, zaklju\u010dio je ambasador na odli\u010dnom srpskom jeziku.<\/EM><\/STRONG><BR>Na Festivalu autorskog filma u Beogradu u glavnom programu prikazani su filmovi koji su pobedili na presti\u017enim filmskim festivalima u Veneciji, Kanu, Berlinu, a prikazni su i filmovi koje naro\u010dito cene kritika i medjunarodna publika.<BR>Ove godine su prikazana ukupno 46 filma iz 13 zemalja, a njih deset je bilo u takmi\u010darskom delu.<\/P><br \/>\n<P><BR>\u00a0<\/P><\/p>\n","protected":false},"excerpt":{"rendered":"BEOGRAD, 4\/12\/2013.(Agencija ANSA) \u2013 U Beogradu je zavr\u0161en u znaku Italije, kao \u0161to je i po\u010deo,\u00a0 19. Medjunarodni festival autorskog filma, na kome je dodeljeno specijalno priznanje filmu &#8216;Ulica u Palermu&#8217;, autora Eme Dante u kome glavnu ulogu iga Elena Kota, glumica kojoj je pripala nagrada\u00a0 Volpi u septembru na Festivalu u Veneciji, i koja [&hellip;]","protected":false},"author":1,"featured_media":0,"comment_status":"","ping_status":"","sticky":false,"template":"","format":"standard","meta":{"footnotes":""},"tags":[],"class_list":["post-8272","post","type-post","status-publish","format-standard","hentry"],"_links":{"self":[{"href":"https:\/\/ambbelgrado.esteri.it\/sr\/wp-json\/wp\/v2\/posts\/8272","targetHints":{"allow":["GET"]}}],"collection":[{"href":"https:\/\/ambbelgrado.esteri.it\/sr\/wp-json\/wp\/v2\/posts"}],"about":[{"href":"https:\/\/ambbelgrado.esteri.it\/sr\/wp-json\/wp\/v2\/types\/post"}],"author":[{"embeddable":true,"href":"https:\/\/ambbelgrado.esteri.it\/sr\/wp-json\/wp\/v2\/users\/1"}],"replies":[{"embeddable":true,"href":"https:\/\/ambbelgrado.esteri.it\/sr\/wp-json\/wp\/v2\/comments?post=8272"}],"version-history":[{"count":0,"href":"https:\/\/ambbelgrado.esteri.it\/sr\/wp-json\/wp\/v2\/posts\/8272\/revisions"}],"wp:attachment":[{"href":"https:\/\/ambbelgrado.esteri.it\/sr\/wp-json\/wp\/v2\/media?parent=8272"}],"wp:term":[{"taxonomy":"post_tag","embeddable":true,"href":"https:\/\/ambbelgrado.esteri.it\/sr\/wp-json\/wp\/v2\/tags?post=8272"}],"curies":[{"name":"wp","href":"https:\/\/api.w.org\/{rel}","templated":true}]}}