{"id":8260,"date":"2013-12-11T15:11:35","date_gmt":"2013-12-11T14:11:35","guid":{"rendered":"https:\/\/ambbelgrado.esteri.it\/news\/dall_ambasciata\/2013\/12\/ambasciatore-manzo-in-visita-al-iii-liceo-di-belgrado-2\/"},"modified":"2013-12-11T15:11:35","modified_gmt":"2013-12-11T14:11:35","slug":"ambasciatore-manzo-in-visita-al-iii-liceo-di-belgrado-2","status":"publish","type":"post","link":"https:\/\/ambbelgrado.esteri.it\/sr\/news\/dall_ambasciata\/2013\/12\/ambasciatore-manzo-in-visita-al-iii-liceo-di-belgrado-2\/","title":{"rendered":"Ambasador Manco u poseti III Beogradskoj gimnaziji"},"content":{"rendered":"<p><P><IMG border=\"0\" alt=\"Amb. Manco u poseti III Beogradskoj gimnaziji\" src=\"\/resource\/2013\/12\/FotoTerzoLiceodiBelgradoDSC_0062.jpg\" width=\"317\" height=\"183\"><\/P><P>Ambasador Italije u Srbiji \u0110uzepe Manco posetio je danas Tre\u0107u beogradsku gimnaziju gde se sreo sa direktorkom Draganom Vasi\u0107 i sa 80 u\u010denika koji poha\u0111aju nastavu na italijanskom jeziku u okviru \u010detiri razreda.<\/P><\/p>\n","protected":false},"excerpt":{"rendered":"Ambasador Italije u Srbiji \u0110uzepe Manco posetio je danas Tre\u0107u beogradsku gimnaziju gde se sreo sa direktorkom Draganom Vasi\u0107 i sa 80 u\u010denika koji poha\u0111aju nastavu na italijanskom jeziku u okviru \u010detiri razreda.","protected":false},"author":1,"featured_media":0,"comment_status":"","ping_status":"","sticky":false,"template":"","format":"standard","meta":{"footnotes":""},"tags":[],"class_list":["post-8260","post","type-post","status-publish","format-standard","hentry"],"_links":{"self":[{"href":"https:\/\/ambbelgrado.esteri.it\/sr\/wp-json\/wp\/v2\/posts\/8260","targetHints":{"allow":["GET"]}}],"collection":[{"href":"https:\/\/ambbelgrado.esteri.it\/sr\/wp-json\/wp\/v2\/posts"}],"about":[{"href":"https:\/\/ambbelgrado.esteri.it\/sr\/wp-json\/wp\/v2\/types\/post"}],"author":[{"embeddable":true,"href":"https:\/\/ambbelgrado.esteri.it\/sr\/wp-json\/wp\/v2\/users\/1"}],"replies":[{"embeddable":true,"href":"https:\/\/ambbelgrado.esteri.it\/sr\/wp-json\/wp\/v2\/comments?post=8260"}],"version-history":[{"count":0,"href":"https:\/\/ambbelgrado.esteri.it\/sr\/wp-json\/wp\/v2\/posts\/8260\/revisions"}],"wp:attachment":[{"href":"https:\/\/ambbelgrado.esteri.it\/sr\/wp-json\/wp\/v2\/media?parent=8260"}],"wp:term":[{"taxonomy":"post_tag","embeddable":true,"href":"https:\/\/ambbelgrado.esteri.it\/sr\/wp-json\/wp\/v2\/tags?post=8260"}],"curies":[{"name":"wp","href":"https:\/\/api.w.org\/{rel}","templated":true}]}}