{"id":8255,"date":"2013-12-17T09:22:46","date_gmt":"2013-12-17T08:22:46","guid":{"rendered":"https:\/\/ambbelgrado.esteri.it\/news\/dall_ambasciata\/2013\/12\/convegno-di-chirurgia-2\/"},"modified":"2013-12-17T09:22:46","modified_gmt":"2013-12-17T08:22:46","slug":"convegno-di-chirurgia-2","status":"publish","type":"post","link":"https:\/\/ambbelgrado.esteri.it\/sr\/news\/dall_ambasciata\/2013\/12\/convegno-di-chirurgia-2\/","title":{"rendered":"Medicinski fakultet u Beogradu, seminar-radionica &#8222;Mini invasive Surgery: Italy meets Serbia&#8220;"},"content":{"rendered":"<p><P><IMG style=\"WIDTH: 292px; HEIGHT: 183px\" border=\"0\" alt=\"Seminar o hirugiji u Beogradu\" src=\"\/resource\/2013\/12\/FotoConvegnodichirurgia1.jpg\" width=\"279\" height=\"175\"><\/P><P>Beograd, 16. decembar \u2013 Saradnja izme\u0111u Italije i Srbije na polju usavr\u0161avanja hirurga: u okviru intenziviranja nau\u010dnih odnosa izme\u0111u Italije i Srbije, danas je na Medicinskom fakultetu u Beogradu odr\u017ean seminar-radionica &#8222;Mini invasive Surgery: Italy meets Serbia&#8220;, u organizaciji Ambasade Italije u saradnji sa Medicinskim fakultetom Unverziteta u Beogradu, Ministarstvom zdravlja i Udru\u017eenjem italijanskih i srpskih nau\u010dnika i istra\u017eiva\u0107a \u201eAIS3\u201c.<BR><BR>Seminar, koji predstavlja novu etapu u saradnji izme\u0111u Italije i Srbije na polju medicine, koja je ve\u0107 dobra po pitanju transplatacija i intenzivne hirurgije, ilustrovao je predstavnicima srpske medicine italijanska iskustva po pitanju usavr\u0161avanja hirurga i laparaskopskih operacija, uz predstavljanje operacija pomo\u0107u robota i operacija na daljinu. Doga\u0111aj je pokrenuo i saradnju po pitanju usavr\u0161avanja hirurga, kako u okviru univerziteta (dekan Medicinskog fakulteta Lali\u0107 potpisao je Memorandum o razumevanju sa Univerzitetom iz Palerma koji promovi\u0161e saradnju na polju mini-invazivne hirurgije), a tako\u0111e i na polju visokog usavr\u0161avanja (dekan Lali\u0107 i prof. Pinjata iz bolnice San Camillo iz Trenta najavili su da \u0107e uskoro biti potpisan memorandum o razumevanju izme\u0111u dve institucije sa ciljem organizovanja kurseva iz oblasti laparaskopske hirurgije).<BR><BR>U okviru uvodnih izlaganja, pomo\u0107nik ministra zdravlja Joki\u0107 ukazao je na intenzivnu i dobru nau\u010dnu saradnju sa Italijom (koja je naro\u010dito produbljena nakon \u0161to je pro\u0161log jula potpisan Izvr\u0161ni protokol o nau\u0161noj i tehnolo\u0161koj saradnji), dok je g.\u0111a Popovi\u0107, zamenik rektora Univerziteta u Beogradu i predsednik Udru\u017eenja AIS3, podsetila na aktivnosti Udru\u017eenja italijanskih i srpskih nau\u010dnika i istra\u017eiva\u010da koje je poslednjih meseci organizovalo vi\u0161e seminara i radionica na temu kvaliteta \u017eivota, za\u0161tite kulturnih dobara, a sada i na polju medicine.<BR><\/P><\/p>\n","protected":false},"excerpt":{"rendered":"Beograd, 16. decembar \u2013 Saradnja izme\u0111u Italije i Srbije na polju usavr\u0161avanja hirurga: u okviru intenziviranja nau\u010dnih odnosa izme\u0111u Italije i Srbije, danas je na Medicinskom fakultetu u Beogradu odr\u017ean seminar-radionica &#8222;Mini invasive Surgery: Italy meets Serbia&#8220;, u organizaciji Ambasade Italije u saradnji sa Medicinskim fakultetom Unverziteta u Beogradu, Ministarstvom zdravlja i Udru\u017eenjem italijanskih i [&hellip;]","protected":false},"author":1,"featured_media":0,"comment_status":"","ping_status":"","sticky":false,"template":"","format":"standard","meta":{"footnotes":""},"tags":[],"class_list":["post-8255","post","type-post","status-publish","format-standard","hentry"],"_links":{"self":[{"href":"https:\/\/ambbelgrado.esteri.it\/sr\/wp-json\/wp\/v2\/posts\/8255","targetHints":{"allow":["GET"]}}],"collection":[{"href":"https:\/\/ambbelgrado.esteri.it\/sr\/wp-json\/wp\/v2\/posts"}],"about":[{"href":"https:\/\/ambbelgrado.esteri.it\/sr\/wp-json\/wp\/v2\/types\/post"}],"author":[{"embeddable":true,"href":"https:\/\/ambbelgrado.esteri.it\/sr\/wp-json\/wp\/v2\/users\/1"}],"replies":[{"embeddable":true,"href":"https:\/\/ambbelgrado.esteri.it\/sr\/wp-json\/wp\/v2\/comments?post=8255"}],"version-history":[{"count":0,"href":"https:\/\/ambbelgrado.esteri.it\/sr\/wp-json\/wp\/v2\/posts\/8255\/revisions"}],"wp:attachment":[{"href":"https:\/\/ambbelgrado.esteri.it\/sr\/wp-json\/wp\/v2\/media?parent=8255"}],"wp:term":[{"taxonomy":"post_tag","embeddable":true,"href":"https:\/\/ambbelgrado.esteri.it\/sr\/wp-json\/wp\/v2\/tags?post=8255"}],"curies":[{"name":"wp","href":"https:\/\/api.w.org\/{rel}","templated":true}]}}