{"id":8243,"date":"2013-12-19T09:27:40","date_gmt":"2013-12-19T08:27:40","guid":{"rendered":"https:\/\/ambbelgrado.esteri.it\/news\/dall_ambasciata\/2013\/12\/bonino-bene-decisione-bruxelles-avvio-negoziati-adesione-2\/"},"modified":"2013-12-19T09:27:40","modified_gmt":"2013-12-19T08:27:40","slug":"bonino-bene-decisione-bruxelles-avvio-negoziati-adesione-2","status":"publish","type":"post","link":"https:\/\/ambbelgrado.esteri.it\/sr\/news\/dall_ambasciata\/2013\/12\/bonino-bene-decisione-bruxelles-avvio-negoziati-adesione-2\/","title":{"rendered":"EU-Srbija: Bonino, dobra odluka Brisela o otpo\u010dinjanju pristupnih pregovora"},"content":{"rendered":"<p><P><IMG style=\"WIDTH: 191px; HEIGHT: 162px\" border=\"0\" alt=\"Ministarka spoljnih poslova Ema Bonino\" src=\"\/resource\/2013\/12\/FotoMinBoninoritagliata1.JPG\" width=\"184\" height=\"144\"><\/P><P>Rim, 18.\u00a0 decembar 2013. &#8211;\u00a0Ministarka spoljnih poslova Italije Ema Bonino izrazila je \u201enajiskrenije zadovoljstvo\u201c povodom odluke koju je 17. decembra doneo Savet za op\u0161te poslove Evropske unije o otpo\u010dinjanju pristupnih pregovora izme\u0111u Srbije i EU u januaru 2014. godine odr\u017eavanjem prve me\u0111uvladine konferencije.<BR>\u201cRadi se o istorijskom trenutku za Srbiju i za Balkan\u201d, isti\u010de ministarka Bonino, podse\u0107aju\u0107i da je \u201cItalija oduvek ohrabrivala i podr\u017eavala evropski put Beograda, a naro\u010dito njegove napore u realizaciji mera koje su dogovorene sa nadle\u017enim organima Pri\u0161tine 19. aprila ove godine, u cilju postepenog normalizovanja odnosa izme\u0111u Srbije i Kosova, a \u010dija je pozitivna primena bila osnovni uslov EU za otvaranje pristupnih pregovora.<BR>Ministarka Bonino je ponovila da \u0107e \u201eItalija nastaviti da pru\u017ea svoju punu podr\u0161ku evropskom putu Beograda, koji, upravo zahvaljuju\u0107i predstoje\u0107em po\u010detku pregovora, \u010dini su\u0161tinski i nepovratni korak napred\u201c.<BR><\/P><\/p>\n","protected":false},"excerpt":{"rendered":"Rim, 18.\u00a0 decembar 2013. &#8211;\u00a0Ministarka spoljnih poslova Italije Ema Bonino izrazila je \u201enajiskrenije zadovoljstvo\u201c povodom odluke koju je 17. decembra doneo Savet za op\u0161te poslove Evropske unije o otpo\u010dinjanju pristupnih pregovora izme\u0111u Srbije i EU u januaru 2014. godine odr\u017eavanjem prve me\u0111uvladine konferencije.\u201cRadi se o istorijskom trenutku za Srbiju i za Balkan\u201d, isti\u010de ministarka Bonino, [&hellip;]","protected":false},"author":1,"featured_media":0,"comment_status":"","ping_status":"","sticky":false,"template":"","format":"standard","meta":{"footnotes":""},"tags":[],"class_list":["post-8243","post","type-post","status-publish","format-standard","hentry"],"_links":{"self":[{"href":"https:\/\/ambbelgrado.esteri.it\/sr\/wp-json\/wp\/v2\/posts\/8243","targetHints":{"allow":["GET"]}}],"collection":[{"href":"https:\/\/ambbelgrado.esteri.it\/sr\/wp-json\/wp\/v2\/posts"}],"about":[{"href":"https:\/\/ambbelgrado.esteri.it\/sr\/wp-json\/wp\/v2\/types\/post"}],"author":[{"embeddable":true,"href":"https:\/\/ambbelgrado.esteri.it\/sr\/wp-json\/wp\/v2\/users\/1"}],"replies":[{"embeddable":true,"href":"https:\/\/ambbelgrado.esteri.it\/sr\/wp-json\/wp\/v2\/comments?post=8243"}],"version-history":[{"count":0,"href":"https:\/\/ambbelgrado.esteri.it\/sr\/wp-json\/wp\/v2\/posts\/8243\/revisions"}],"wp:attachment":[{"href":"https:\/\/ambbelgrado.esteri.it\/sr\/wp-json\/wp\/v2\/media?parent=8243"}],"wp:term":[{"taxonomy":"post_tag","embeddable":true,"href":"https:\/\/ambbelgrado.esteri.it\/sr\/wp-json\/wp\/v2\/tags?post=8243"}],"curies":[{"name":"wp","href":"https:\/\/api.w.org\/{rel}","templated":true}]}}