{"id":8237,"date":"2013-12-20T10:37:37","date_gmt":"2013-12-20T09:37:37","guid":{"rendered":"https:\/\/ambbelgrado.esteri.it\/news\/dall_ambasciata\/2013\/12\/impresa-vibac-investe-a-jagodina-2\/"},"modified":"2013-12-20T10:37:37","modified_gmt":"2013-12-20T09:37:37","slug":"impresa-vibac-investe-a-jagodina-2","status":"publish","type":"post","link":"https:\/\/ambbelgrado.esteri.it\/sr\/news\/dall_ambasciata\/2013\/12\/impresa-vibac-investe-a-jagodina-2\/","title":{"rendered":"Italijanska firma\u00a0\u201cVibac\u201d ula\u017ee 70 miliona evra u izgradnju fabrike u Jagodini"},"content":{"rendered":"<p><P>Jagodina, 18.12.2013. \u2013\u00a0 Danas je postavljen kamen temeljac za izgradnju italijanske fabrike \u201cVibac\u201d koja \u0107e se baviti proizvodnjom traka za industrijsko pakovanje.\u00a0Vrednost investicije je 70 miliona evra\u00a0(najve\u0107a strana investicija ove godine u Srbiji). Fabrika \u0107e imati povr\u0161inu pogona od\u00a070.000 kvadrata i bi\u0107e\u00a0zaposleno\u00a0450 radnika. <BR>\u00a0<BR>Kompanija \u201cVibac\u201d (koja ve\u0107 ima pogone za proizvodnju u Evropi i u Sjedinjenim\u00a0Ameri\u010dkim Dr\u017eavama) ima za cilj da plasira robu na nova tr\u017ei\u0161ta\u00a0(u Rusiju,\u00a0u zemlje biv\u0161eg Sovjetskog Saveza, Severnu Ameriku) a 90% proizvodnje \u0107e biti namenjeno izvozu.<BR><\/P><\/p>\n","protected":false},"excerpt":{"rendered":"Jagodina, 18.12.2013. \u2013\u00a0 Danas je postavljen kamen temeljac za izgradnju italijanske fabrike \u201cVibac\u201d koja \u0107e se baviti proizvodnjom traka za industrijsko pakovanje.\u00a0Vrednost investicije je 70 miliona evra\u00a0(najve\u0107a strana investicija ove godine u Srbiji). Fabrika \u0107e imati povr\u0161inu pogona od\u00a070.000 kvadrata i bi\u0107e\u00a0zaposleno\u00a0450 radnika. \u00a0Kompanija \u201cVibac\u201d (koja ve\u0107 ima pogone za proizvodnju u Evropi i u [&hellip;]","protected":false},"author":1,"featured_media":0,"comment_status":"","ping_status":"","sticky":false,"template":"","format":"standard","meta":{"footnotes":""},"tags":[],"class_list":["post-8237","post","type-post","status-publish","format-standard","hentry"],"_links":{"self":[{"href":"https:\/\/ambbelgrado.esteri.it\/sr\/wp-json\/wp\/v2\/posts\/8237","targetHints":{"allow":["GET"]}}],"collection":[{"href":"https:\/\/ambbelgrado.esteri.it\/sr\/wp-json\/wp\/v2\/posts"}],"about":[{"href":"https:\/\/ambbelgrado.esteri.it\/sr\/wp-json\/wp\/v2\/types\/post"}],"author":[{"embeddable":true,"href":"https:\/\/ambbelgrado.esteri.it\/sr\/wp-json\/wp\/v2\/users\/1"}],"replies":[{"embeddable":true,"href":"https:\/\/ambbelgrado.esteri.it\/sr\/wp-json\/wp\/v2\/comments?post=8237"}],"version-history":[{"count":0,"href":"https:\/\/ambbelgrado.esteri.it\/sr\/wp-json\/wp\/v2\/posts\/8237\/revisions"}],"wp:attachment":[{"href":"https:\/\/ambbelgrado.esteri.it\/sr\/wp-json\/wp\/v2\/media?parent=8237"}],"wp:term":[{"taxonomy":"post_tag","embeddable":true,"href":"https:\/\/ambbelgrado.esteri.it\/sr\/wp-json\/wp\/v2\/tags?post=8237"}],"curies":[{"name":"wp","href":"https:\/\/api.w.org\/{rel}","templated":true}]}}