{"id":8226,"date":"2014-01-02T09:35:18","date_gmt":"2014-01-02T08:35:18","guid":{"rendered":"https:\/\/ambbelgrado.esteri.it\/news\/dall_ambasciata\/2014\/01\/ambasciatore-manzo-per-cord-prospettive-per-il-2014-2\/"},"modified":"2014-01-02T09:35:18","modified_gmt":"2014-01-02T08:35:18","slug":"ambasciatore-manzo-per-cord-prospettive-per-il-2014-2","status":"publish","type":"post","link":"https:\/\/ambbelgrado.esteri.it\/sr\/news\/dall_ambasciata\/2014\/01\/ambasciatore-manzo-per-cord-prospettive-per-il-2014-2\/","title":{"rendered":"The Year Ahead: H.E. Mr. Giuseppe Manzo \/ Italian Ambassador to Serbia: &#8216;Six-Letter Words&#8217;"},"content":{"rendered":"<p><P><IMG style=\"WIDTH: 190px; HEIGHT: 237px\" border=\"0\" alt=\"Ambasciatore Giuseppe Manzo \" src=\"\/resource\/2014\/01\/CorD111small_Page_009_Image_0002.jpg\" width=\"224\" height=\"251\"><\/P><P><STRONG>(CorD)<\/STRONG> Italy will take the EU Presidency later in 2014, and Italian Ambassador Giuseppe Manzo believes that by focusing on two important six-letter words \u2013 \u2018Europe\u2019 and \u2018growth\u2019 \u2013 Serbia can unlock another with even greater importance: \u2018future\u2019<\/P><br \/>\n<P>A six-letter word, \u2018Europe\u2019, has been the priority in 2013. It will continue to be in 2014, together with another six-letter word, \u2018growth\u2019. The opening of accession negotiations between Serbia and the European Union is a historical achievement reached through commitment and delivery by the Serbian government. Leading the accession negotiations with Brussels in a constructive and fruitful way will be therefore a natural priority for Serbia in 2014. In fact, the negotiations will be a cornerstone of your government\u2019s action over the next months, providing guidance and political input to promote an agenda of reform.<BR>At the same time, the economy and tackling the crisis is very high on Belgrade\u2019s agenda, especially through the adoption of those measures that will ensure growth, employment and a safe business climate for new investments in your country once fiscal consolidation has been achieved. These are priorities that Italy, which will take over the Presidency of the European Union in the second semester of 2014, shares with Serbia.<\/P><br \/>\n<P>&#8211; <\/P><br \/>\n<P><STRONG>Godina pred nama: Nj.E. \u0110uzepe Manco , ambasador Italije u Srbiji: \u201cRe\u010d od \u0161est slova\u201c <BR><\/STRONG>\u00a0<BR><STRONG>(CorD)<\/STRONG> Italija \u0107e preuzeti predsedavanje EU u drugom delu 2014. godine, a italijanski ambasador \u0110uzepe Manco smatra da fokusiraju\u0107i se na dve ve\u017ene re\u010di od \u0161est slova \u2013\u00a0 \u201eEvropa\u201c i \u201erazvoj\u201c \u2013 Srbija mo\u017ee da otklju\u010da jo\u0161 jednu sa jo\u0161 ve\u0107im zna\u010denjem: \u201ebudu\u0107nost\u201c<BR>\u00a0<BR>Re\u010d od \u0161est slova, \u201eEvropa\u201c, bila je prioritet u 2013. godini. Nastavi\u0107e da to bude i u 2014. godini, zajedno sa jo\u0161 jednom re\u010dju od \u0161est slova, \u201erazvoj\u201c. Otvaranje pristupnih pregovora izme\u0111u Srbije i Evropske unije je istorijski uspeh postignut zahvaljuju\u0107i posve\u0107enosti srpske Vlade. Vo\u0111enje pristupnih pregovora sa Briselom na konsktruktivan i plodan na\u010din bi\u0107e dakle prirodan prioritet za Srbiju u 2014. godini. U stvari, pregovori \u0107e biti kamen temeljac akcija va\u0161e vlade narednih meseci, koje \u0107e davati smernice i politi\u010dki doprinos u promovisanju niza reformi.<BR>Istovremeno, ekonomija i re\u0161avanje krize je na vrhu dnevnog reda Beograda, posebno kroz usvajanje onih mera koje \u0107e obezbediti rast, zaposlenost i sigurnu poslovnu klimu za nove investicije u va\u0161oj zemlji kada bude postignuta fiskalna konsolidacije. To su prioriteti koje \u0107e Italija, koja \u0107e preuzeti predesedavanje Evropskom unijom u drugoj polovini 2014. godine, deliti sa Srbijom.<\/P><\/p>\n","protected":false},"excerpt":{"rendered":"(CorD) Italy will take the EU Presidency later in 2014, and Italian Ambassador Giuseppe Manzo believes that by focusing on two important six-letter words \u2013 \u2018Europe\u2019 and \u2018growth\u2019 \u2013 Serbia can unlock another with even greater importance: \u2018future\u2019 A six-letter word, \u2018Europe\u2019, has been the priority in 2013. It will continue to be in 2014, [&hellip;]","protected":false},"author":1,"featured_media":0,"comment_status":"","ping_status":"","sticky":false,"template":"","format":"standard","meta":{"footnotes":""},"tags":[],"class_list":["post-8226","post","type-post","status-publish","format-standard","hentry"],"_links":{"self":[{"href":"https:\/\/ambbelgrado.esteri.it\/sr\/wp-json\/wp\/v2\/posts\/8226","targetHints":{"allow":["GET"]}}],"collection":[{"href":"https:\/\/ambbelgrado.esteri.it\/sr\/wp-json\/wp\/v2\/posts"}],"about":[{"href":"https:\/\/ambbelgrado.esteri.it\/sr\/wp-json\/wp\/v2\/types\/post"}],"author":[{"embeddable":true,"href":"https:\/\/ambbelgrado.esteri.it\/sr\/wp-json\/wp\/v2\/users\/1"}],"replies":[{"embeddable":true,"href":"https:\/\/ambbelgrado.esteri.it\/sr\/wp-json\/wp\/v2\/comments?post=8226"}],"version-history":[{"count":0,"href":"https:\/\/ambbelgrado.esteri.it\/sr\/wp-json\/wp\/v2\/posts\/8226\/revisions"}],"wp:attachment":[{"href":"https:\/\/ambbelgrado.esteri.it\/sr\/wp-json\/wp\/v2\/media?parent=8226"}],"wp:term":[{"taxonomy":"post_tag","embeddable":true,"href":"https:\/\/ambbelgrado.esteri.it\/sr\/wp-json\/wp\/v2\/tags?post=8226"}],"curies":[{"name":"wp","href":"https:\/\/api.w.org\/{rel}","templated":true}]}}