{"id":8204,"date":"2014-01-27T12:11:01","date_gmt":"2014-01-27T11:11:01","guid":{"rendered":"https:\/\/ambbelgrado.esteri.it\/news\/dall_ambasciata\/2014\/01\/giornata-della-memoria-delle-vittime-dell-olocausto-2\/"},"modified":"2014-01-27T12:11:01","modified_gmt":"2014-01-27T11:11:01","slug":"giornata-della-memoria-delle-vittime-dell-olocausto-2","status":"publish","type":"post","link":"https:\/\/ambbelgrado.esteri.it\/sr\/news\/dall_ambasciata\/2014\/01\/giornata-della-memoria-delle-vittime-dell-olocausto-2\/","title":{"rendered":"Me\u0111unarodni dan se\u0107anja na \u017ertve Holokausta \u00a0"},"content":{"rendered":"<p><P><IMG style=\"WIDTH: 255px; HEIGHT: 175px\" border=\"0\" alt=\"Predsednik Srbije Tomislav Nikolic\" src=\"\/resource\/2014\/01\/photopersito1.JPG\" width=\"258\" height=\"199\"><\/P><br \/>\n<P><IMG style=\"WIDTH: 176px; HEIGHT: 254px\" border=\"0\" alt=\"Ambasador Italije \u0110uzepe Manco\" src=\"\/resource\/2014\/01\/photo1.JPG\" width=\"194\" height=\"283\"><\/P><br \/>\n<P>Danas je i u Beogradu\u00a0 obele\u017een Me\u0111unarodni dan se\u0107anja na \u017ertve Holokausta. U svom govoru odr\u017eanom kod Spomenika \u017ertvama genocida na Starom sajmi\u0161tu, predsednik Republike Srbije, Tomislav Nikoli\u0107, je poru\u010dio da takvi zlo\u010dini nikada vi\u0161e ne smeju da se ponove. Komemoraciji je prisustvovao i ambasador Italije \u0110uzepe Manco koji je odao po\u010dast \u017ertvama da bi o\u010duvali se\u0107anje na njih. <BR><\/P><\/p>\n","protected":false},"excerpt":{"rendered":"Danas je i u Beogradu\u00a0 obele\u017een Me\u0111unarodni dan se\u0107anja na \u017ertve Holokausta. U svom govoru odr\u017eanom kod Spomenika \u017ertvama genocida na Starom sajmi\u0161tu, predsednik Republike Srbije, Tomislav Nikoli\u0107, je poru\u010dio da takvi zlo\u010dini nikada vi\u0161e ne smeju da se ponove. Komemoraciji je prisustvovao i ambasador Italije \u0110uzepe Manco koji je odao po\u010dast \u017ertvama da bi [&hellip;]","protected":false},"author":1,"featured_media":0,"comment_status":"","ping_status":"","sticky":false,"template":"","format":"standard","meta":{"footnotes":""},"tags":[],"class_list":["post-8204","post","type-post","status-publish","format-standard","hentry"],"_links":{"self":[{"href":"https:\/\/ambbelgrado.esteri.it\/sr\/wp-json\/wp\/v2\/posts\/8204","targetHints":{"allow":["GET"]}}],"collection":[{"href":"https:\/\/ambbelgrado.esteri.it\/sr\/wp-json\/wp\/v2\/posts"}],"about":[{"href":"https:\/\/ambbelgrado.esteri.it\/sr\/wp-json\/wp\/v2\/types\/post"}],"author":[{"embeddable":true,"href":"https:\/\/ambbelgrado.esteri.it\/sr\/wp-json\/wp\/v2\/users\/1"}],"replies":[{"embeddable":true,"href":"https:\/\/ambbelgrado.esteri.it\/sr\/wp-json\/wp\/v2\/comments?post=8204"}],"version-history":[{"count":0,"href":"https:\/\/ambbelgrado.esteri.it\/sr\/wp-json\/wp\/v2\/posts\/8204\/revisions"}],"wp:attachment":[{"href":"https:\/\/ambbelgrado.esteri.it\/sr\/wp-json\/wp\/v2\/media?parent=8204"}],"wp:term":[{"taxonomy":"post_tag","embeddable":true,"href":"https:\/\/ambbelgrado.esteri.it\/sr\/wp-json\/wp\/v2\/tags?post=8204"}],"curies":[{"name":"wp","href":"https:\/\/api.w.org\/{rel}","templated":true}]}}