{"id":8187,"date":"2014-01-30T08:29:27","date_gmt":"2014-01-30T07:29:27","guid":{"rendered":"https:\/\/ambbelgrado.esteri.it\/news\/dall_ambasciata\/2014\/01\/bilancio-positivo-della-camera-di-comercio-italo-serba-2\/"},"modified":"2014-01-30T08:29:27","modified_gmt":"2014-01-30T07:29:27","slug":"bilancio-positivo-della-camera-di-comercio-italo-serba-2","status":"publish","type":"post","link":"https:\/\/ambbelgrado.esteri.it\/sr\/news\/dall_ambasciata\/2014\/01\/bilancio-positivo-della-camera-di-comercio-italo-serba-2\/","title":{"rendered":"Srbija: pozitivni bilans Komore italijansko-srpskih privrednika, najve\u0107e po broju \u010dlanova. Simon\u010deli, preokret u 2013. godini"},"content":{"rendered":"<p><P><IMG border=\"0\" alt=\"2014_01_28 Camera di Commercio italo serba\" src=\"\/resource\/2014\/01\/2014_1_28Cameradicommercioitaloserba1.jpg\" width=\"262\" height=\"191\"><\/P><P>(ANSAmed) &#8211; BEOGRAD, 29 JAN \u2013 Komora italijansko-srpskih privrednika konsoliduje i u\u010dvr\u0161\u0107uje svoje prisustvo u Srbiji porastom dobiti i velikim porastom broja \u010dlanova kojih je sada 245. Ovo bi u najkracim crtama bio zaklju\u010dak skup\u0161tine koja je odr\u017eana u sedi\u0161tu Delta Holdinga i kojoj je prisustvovalo 120 \u010dlanova.<\/P><br \/>\n<P>Predsednik Komore, Andrea Simon\u010deli, istakao je da je 2013. godina bila godina \u201cpreokreta\u201d u smislu organizacionih kapaciteta Komore, broj \u010dlanova je porastao za oko 140 za samo dvanaest meseci \u0161to je Komoru u\u010dinilo najbrojnijom u Srbiji. Takvi ishodi su rezultat veoma intenzione aktivnosti, koja prevedena u brojeve zna\u010di 11 preduzetni\u010dkim misija B2B, vi\u0161e od 5.000 telefonskih kontakata i preko 2.000 e-mailova.<\/P><br \/>\n<P>U toku 2013. godine, fakturisani prihod Komore italijansko-srpskih privrednika je porastao u odnosu na 2012. godinu za oko 25%, prema\u0161iv\u0161i 15,5 miliona dinara (oko 131.000 evra). Skup\u0161tini je prethodilo obra\u0107anje ambasadora Italije u Srbiji \u0110uzepea Manca, koji je istakao da su uspesi Komore ujedno i uspesi \u010ditavog sistema zemlje sa ciljem da se ponosno radi pod nacionalnom zastavom u zemlji u kojoj je pro\u0161le godine porastao ekonomski zna\u010daj Italije.<\/P><br \/>\n<P>Komora italijansko-srpskih privrednika je tokom protekle godine sklopila mnogobrojne sporazume sa komorama u Italiji i Srbiji, kao i sa drugim institucijama koje su povezane sa preduzetni\u0161tvom, istra\u017eiva\u010dkim institutima i generatorima razmene informacija i iskustava investitora.<\/P><br \/>\n<P>\u00a0<\/P><\/p>\n","protected":false},"excerpt":{"rendered":"(ANSAmed) &#8211; BEOGRAD, 29 JAN \u2013 Komora italijansko-srpskih privrednika konsoliduje i u\u010dvr\u0161\u0107uje svoje prisustvo u Srbiji porastom dobiti i velikim porastom broja \u010dlanova kojih je sada 245. Ovo bi u najkracim crtama bio zaklju\u010dak skup\u0161tine koja je odr\u017eana u sedi\u0161tu Delta Holdinga i kojoj je prisustvovalo 120 \u010dlanova. Predsednik Komore, Andrea Simon\u010deli, istakao je da [&hellip;]","protected":false},"author":1,"featured_media":0,"comment_status":"","ping_status":"","sticky":false,"template":"","format":"standard","meta":{"footnotes":""},"tags":[],"class_list":["post-8187","post","type-post","status-publish","format-standard","hentry"],"_links":{"self":[{"href":"https:\/\/ambbelgrado.esteri.it\/sr\/wp-json\/wp\/v2\/posts\/8187","targetHints":{"allow":["GET"]}}],"collection":[{"href":"https:\/\/ambbelgrado.esteri.it\/sr\/wp-json\/wp\/v2\/posts"}],"about":[{"href":"https:\/\/ambbelgrado.esteri.it\/sr\/wp-json\/wp\/v2\/types\/post"}],"author":[{"embeddable":true,"href":"https:\/\/ambbelgrado.esteri.it\/sr\/wp-json\/wp\/v2\/users\/1"}],"replies":[{"embeddable":true,"href":"https:\/\/ambbelgrado.esteri.it\/sr\/wp-json\/wp\/v2\/comments?post=8187"}],"version-history":[{"count":0,"href":"https:\/\/ambbelgrado.esteri.it\/sr\/wp-json\/wp\/v2\/posts\/8187\/revisions"}],"wp:attachment":[{"href":"https:\/\/ambbelgrado.esteri.it\/sr\/wp-json\/wp\/v2\/media?parent=8187"}],"wp:term":[{"taxonomy":"post_tag","embeddable":true,"href":"https:\/\/ambbelgrado.esteri.it\/sr\/wp-json\/wp\/v2\/tags?post=8187"}],"curies":[{"name":"wp","href":"https:\/\/api.w.org\/{rel}","templated":true}]}}