{"id":8175,"date":"2014-02-05T15:55:16","date_gmt":"2014-02-05T14:55:16","guid":{"rendered":"https:\/\/ambbelgrado.esteri.it\/news\/dall_ambasciata\/2014\/02\/2014-02-05-agenzia-nova-sul-segretario-generale-mae-2\/"},"modified":"2014-02-05T15:55:16","modified_gmt":"2014-02-05T14:55:16","slug":"2014-02-05-agenzia-nova-sul-segretario-generale-mae-2","status":"publish","type":"post","link":"https:\/\/ambbelgrado.esteri.it\/sr\/news\/dall_ambasciata\/2014\/02\/2014-02-05-agenzia-nova-sul-segretario-generale-mae-2\/","title":{"rendered":"Italija-Srbija: Generalni sekretar ministarstva spoljnih poslova Italije, ambasador Mikele Valensize\u00a0sutra u\u00a0Beogradu. Podr\u0161ka evropskim integracijama i\u00a0stranim investicijama"},"content":{"rendered":"<p><P><STRONG><\/STRONG><\/P><P>Potvrda italijanske podr\u0161ke evropskom putu Srbije i unapre\u0111enje ekonomske saradnje, bi\u0107e glavne teme o kojima\u00a0 \u0107e sutra u Beogradu razgovarati generalni sekretar Ministarstva inostranih poslova Italije, Mikele Valensise sa srpskim zvani\u010dnicima.<BR>Ambasador Valensise \u0107e o evropskoj i ekonomskoj saradnji razgovarati sa dr\u017eavnim sekretarom inostranih poslova Srbije Sne\u017eanom Jankovi\u0107, a tako\u0111e \u0107e biti re\u010di i o regionalnim pitanjima kao i o dijalogu izme\u0111u Beograda i Pri\u0161tine. <BR><BR>Uo\u010di italijanskog predsedavanja Evropskom unijom u drugoj polovini ove godine, generalni sekretar Ministarstva inostranih poslova \u0107e se tako\u0111e sastati sa glavnim pregovara\u010dem Srbije sa EU, Tanjom Mi\u0161\u010devi\u0107, kako bi razmotrili mogu\u0107e oblike pomo\u0107i koje Italija mo\u017ee da pru\u017ei u oblastima pravosu\u0111a i unutra\u0161njih poslova.<BR><BR>O ovim pitanjima, ambasador Valensise \u0107e razgovarati i sa dr\u017eavnim sekretarom Ministarstva unutra\u0161njih poslova Vanjom Vuki\u0107em i dr\u017eavnim sekretarom Ministarstva pravde \u010cedomirom Backovi\u0107em.<BR><BR>Diplomatija za razvoj, koja je prioritet Ministarstva spoljnih poslova Italije i koju sna\u017eno podr\u017eava ministarka Ema Bonino, bi\u0107e glavna tema sastanaka koji \u0107e generalni sekretar Valensise imati sa zvani\u010dnicima Ministarstva poljoprivrede i privrede u Beogradu, zajedno sa predstavnicima italijanskih udru\u017eenja\u00a0 i kompanija koje posluju u Srbiji. Italija, koja tradicionalno podr\u017eava evropske aspiracije Beograda, bila je u 2013. godini prvi trgovinski partner i najve\u0107i strani investitor u Srbiji. <BR><BR>Generalni sekretar ministarstva spoljnih poslova prisustva\u0107e potpisivanju memoranduma o razumevanju\u00a0 izme\u0111u Republike Srbije i kompanije \u201eFerrero\u201c.\u00a0 <BR>Memorandum \u0107e potpistati Ministar poljoprivrede, \u0161umarstva i vodoprivrede u Vladi Republike Srbije Dragan Glamo\u010di\u0107, i\u00a0direktor sirovine \u201eFerrero grupe\u201c Arduino Borgogno i predstavnik \u201eFerrero grupe\u201c Vilijam Fulci.\u00a0<BR>Kompanija \u201eFerrero\u201c investicijom u Srbiji planira da formira centar za proizvodnju le\u0161nika zasnivanjem sopstvene proizvodnje na 1.000 hektara, kao i uspostavljanjem kooperantskih odnosa sa individualnim poljoprivrednim proizvo\u0111a\u010dima na teritoriji centralne i ju\u017ene Srbije. Kompanija \u201eFerrero\u201c je vode\u0107a internacionalna kompanija u konditorskoj industriji sa bogatim iskustvom u razvoju i upravljanju poljoprivrednim projektima, posebno u domenu uzgoja le\u0161nika.<\/P><br \/>\n<P>\u00a0<\/P><br \/>\n<P>\u00a0<\/P><\/p>\n","protected":false},"excerpt":{"rendered":"Potvrda italijanske podr\u0161ke evropskom putu Srbije i unapre\u0111enje ekonomske saradnje, bi\u0107e glavne teme o kojima\u00a0 \u0107e sutra u Beogradu razgovarati generalni sekretar Ministarstva inostranih poslova Italije, Mikele Valensise sa srpskim zvani\u010dnicima.Ambasador Valensise \u0107e o evropskoj i ekonomskoj saradnji razgovarati sa dr\u017eavnim sekretarom inostranih poslova Srbije Sne\u017eanom Jankovi\u0107, a tako\u0111e \u0107e biti re\u010di i o regionalnim [&hellip;]","protected":false},"author":1,"featured_media":0,"comment_status":"","ping_status":"","sticky":false,"template":"","format":"standard","meta":{"footnotes":""},"tags":[],"class_list":["post-8175","post","type-post","status-publish","format-standard","hentry"],"_links":{"self":[{"href":"https:\/\/ambbelgrado.esteri.it\/sr\/wp-json\/wp\/v2\/posts\/8175","targetHints":{"allow":["GET"]}}],"collection":[{"href":"https:\/\/ambbelgrado.esteri.it\/sr\/wp-json\/wp\/v2\/posts"}],"about":[{"href":"https:\/\/ambbelgrado.esteri.it\/sr\/wp-json\/wp\/v2\/types\/post"}],"author":[{"embeddable":true,"href":"https:\/\/ambbelgrado.esteri.it\/sr\/wp-json\/wp\/v2\/users\/1"}],"replies":[{"embeddable":true,"href":"https:\/\/ambbelgrado.esteri.it\/sr\/wp-json\/wp\/v2\/comments?post=8175"}],"version-history":[{"count":0,"href":"https:\/\/ambbelgrado.esteri.it\/sr\/wp-json\/wp\/v2\/posts\/8175\/revisions"}],"wp:attachment":[{"href":"https:\/\/ambbelgrado.esteri.it\/sr\/wp-json\/wp\/v2\/media?parent=8175"}],"wp:term":[{"taxonomy":"post_tag","embeddable":true,"href":"https:\/\/ambbelgrado.esteri.it\/sr\/wp-json\/wp\/v2\/tags?post=8175"}],"curies":[{"name":"wp","href":"https:\/\/api.w.org\/{rel}","templated":true}]}}