{"id":8169,"date":"2014-02-06T12:14:41","date_gmt":"2014-02-06T11:14:41","guid":{"rendered":"https:\/\/ambbelgrado.esteri.it\/news\/dall_ambasciata\/2014\/02\/memorandum-d-intesa-ferrero-e-min-agricoltura-serbo-2\/"},"modified":"2014-02-06T12:14:41","modified_gmt":"2014-02-06T11:14:41","slug":"memorandum-d-intesa-ferrero-e-min-agricoltura-serbo-2","status":"publish","type":"post","link":"https:\/\/ambbelgrado.esteri.it\/sr\/news\/dall_ambasciata\/2014\/02\/memorandum-d-intesa-ferrero-e-min-agricoltura-serbo-2\/","title":{"rendered":"Poseta generalnog sekretara Ministarstva inostranih poslova Italije, ambasadora Mikelea Valensisea (Michele Valensise)"},"content":{"rendered":"<p style=\"text-align: justify;\"><strong>Srbija-Italija: Potpisan Memorandum o razumevanju izmedju Ministarstva poljoprivrede Republike\u00a0Srbije i\u00a0italijanske kompanije\u00a0Ferero (Ferrero)<\/strong><\/p>\n<p><strong><img loading=\"lazy\" decoding=\"async\" style=\"width: 266px; height: 168px;\" src=\"\/resource\/2014\/02\/20140206FirmadelmemorandumdiintesatraGovernoserboe.jpg\" alt=\"Potpisan Sporazum o razumevanju izmedju Vlade Serbije i italijanskog Ferera, foto Tanjug\" width=\"313\" height=\"422\" border=\"0\" \/><\/strong><\/p>\n<p><img loading=\"lazy\" decoding=\"async\" style=\"width: 266px; height: 166px;\" src=\"\/resource\/2014\/02\/20140206WilliamFulciArduinoBorgognoeDraganGlamocic.jpg\" alt=\"Fulci, Borgogno i Glamocic, foto Tanjug\" width=\"300\" height=\"440\" border=\"0\" \/><\/p>\n<p>\u00a0<\/p>\n<p><strong><a href=\"http:\/\/www.youtube.com\/user\/BelgradoAmbIta\" title=\"VIDEO GALERIJA\">VIDEO GALERIJA<\/a><\/strong><\/p>\n<p><strong><a href=\"http:\/\/www.flickr.com\/photos\/belgrado_italianembassy\/\" title=\"FOTO GALERIJA\">FOTO GALERIJA<\/a><\/strong><\/p>\n<p><strong><a href=\"\/resource\/2014\/02\/medijiuSrbijioposetiValensise.pdf\">MEDIJI U SRBIJI O POSETI VALENSISE<\/a><\/strong><\/p>\n<p><strong>TANJUG<\/strong>, 06.02.2014<\/p>\n<p style=\"text-align: justify;\"><strong>Vu\u010di\u0107 razgovarao sa generalnim sekretarom MIP-a Italije<\/strong><\/p>\n<p>BEOGRAD &#8211; Prvi potpredsednik Vlade Aleksandar Vu\u010di\u0107 sastao se danas u Beogradu sa generalnim sekretarom Ministarstva inostranih poslova Italije Mikeleom Valensisom, koji je rekao da je Vlada Italije izgradila program prioriteta predsedavanja Unijom, koje po\u010dinje 1. jula, u kojem Srbija ima posebno mesto.<br \/>Vu\u010di\u0107 je potvrdio da su odnosi dve zemlje prijateljski i veoma bliski i da je Italija jedna od najpouzdanijih partnera Srbiji, saop\u0161tila je vladina Kancelarija za saradnju s medijima.<br \/>On je zahvalio na podr\u0161ci Rima evropskim integracijama Srbije i re\u0161avanju pitanja Kosova i Metohije.<br \/>Vu\u010di\u0107 je posebno istakao da su italijanske kompanije dobrodo\u0161le u Srbiju i dodao da \u0107e se ubudu\u0107e stvarati jo\u0161 povoljniji uslovi za strane investicije.<br \/>Mikele Valensis je podvukao zna\u010daj kontinuiteta prijateljskih odnosa i naglasio da \u0107e Italija i dalje podr\u017eavati evropsku perspektivu Srbije.<br \/>On je preneo da je Vlada Italije izgradila program prioriteta predsedavanja Unijom, koja po\u010dinje 1. jula, u kojem Srbija ima posebno mesto.<br \/>Valensis je rekao da \u0107e za vreme predsedavanja pomagati Srbiji i da \u0107e nastojati da se otvore nova poglavlja.<br \/>Teme razgovora bile su i situacija u regionu i nastavak dijaloga Beograd &#8211; Pri\u0161tina, navedeno je u saop\u0161tenju.<\/p>\n<p>&#8211;<\/p>\n<p style=\"text-align: justify;\"><strong>TANJUG<\/strong>, 06.02.2014<\/p>\n<p style=\"text-align: justify;\"><strong>Potpisan Memorandum o razumevanju\u00a0sa\u00a0italijanskim\u00a0Fererom<\/strong><\/p>\n<p style=\"text-align: justify;\">BEOGRAD &#8211; Vlada Srbije i svetski lider u konditorskoj industriji Ferero (Ferrero) potpisali su danas u Beogradu Memorandum o razumevanju a investicije te kompanije, kako je istaknuto, omogu\u0107i\u0107e da Srbija postane evropski centar za proizvodnju le\u0161nika.<br \/>Ministar poljoprivrede Dragan Glamo\u010di\u0107 izjavio je, nakon potpisivanja dokumenta, da \u0107e investicije Ferera omogu\u0107iti da povr\u0161ine na kojima se proizvodi le\u0161nik u Srbiji sa sada\u0161njih 1.000 hektara budu pove\u0107ane na vi\u0161e od 10.000 hektara do 2020. godine.<br \/>Kooperantski odnosi te italijanske kompanije sa srpskim proizvo\u0111a\u010dima \u0107e, kako je naveo, doneti priliku za unapre\u0111enje proizvodnje le\u0161nika u centralnoj i isto\u010dnoj Srbiji.<br \/>Ministar je napomenuo da Srbija uvozi 90 odsto le\u0161nika, pre svega iz Turske i Gruzije.<br \/>Generalni sekretar Ministarstva inostranih poslova Italije, Mikele Valensise, naglasio je da je Italija uvek odlu\u010dno podr\u017eavala Srbiju na njenom evropskom putu i to \u0107e nastaviti i dalje da \u010dini.<br \/>Konstatuju\u0107i da ova investicija Ferera pokazuje da su Italijanske kompanije zainteresovane za Srbiju, on je izrazio nadu da \u0107e i ostale firme iz te zemlje do\u0107i na srpsko tr\u017ei\u0161te.<br \/>Potpisivanju Memoranduma izme\u0111u Vlade Srbije i kompanije Ferero prisustvovao je i ambasador Italije u Srbiji, \u0110uzepe Manco.<\/p>\n<p>\u00a0<\/p>\n<p>\u00a0<\/p>\n","protected":false},"excerpt":{"rendered":"Srbija-Italija: Potpisan Memorandum o razumevanju izmedju Ministarstva poljoprivrede Republike\u00a0Srbije i\u00a0italijanske kompanije\u00a0Ferero (Ferrero) \u00a0 VIDEO GALERIJA FOTO GALERIJA MEDIJI U SRBIJI O POSETI VALENSISE TANJUG, 06.02.2014 Vu\u010di\u0107 razgovarao sa generalnim sekretarom MIP-a Italije BEOGRAD &#8211; Prvi potpredsednik Vlade Aleksandar Vu\u010di\u0107 sastao se danas u Beogradu sa generalnim sekretarom Ministarstva inostranih poslova Italije Mikeleom Valensisom, koji je [&hellip;]","protected":false},"author":1,"featured_media":0,"comment_status":"","ping_status":"","sticky":false,"template":"","format":"standard","meta":{"footnotes":""},"tags":[],"class_list":["post-8169","post","type-post","status-publish","format-standard","hentry"],"_links":{"self":[{"href":"https:\/\/ambbelgrado.esteri.it\/sr\/wp-json\/wp\/v2\/posts\/8169","targetHints":{"allow":["GET"]}}],"collection":[{"href":"https:\/\/ambbelgrado.esteri.it\/sr\/wp-json\/wp\/v2\/posts"}],"about":[{"href":"https:\/\/ambbelgrado.esteri.it\/sr\/wp-json\/wp\/v2\/types\/post"}],"author":[{"embeddable":true,"href":"https:\/\/ambbelgrado.esteri.it\/sr\/wp-json\/wp\/v2\/users\/1"}],"replies":[{"embeddable":true,"href":"https:\/\/ambbelgrado.esteri.it\/sr\/wp-json\/wp\/v2\/comments?post=8169"}],"version-history":[{"count":0,"href":"https:\/\/ambbelgrado.esteri.it\/sr\/wp-json\/wp\/v2\/posts\/8169\/revisions"}],"wp:attachment":[{"href":"https:\/\/ambbelgrado.esteri.it\/sr\/wp-json\/wp\/v2\/media?parent=8169"}],"wp:term":[{"taxonomy":"post_tag","embeddable":true,"href":"https:\/\/ambbelgrado.esteri.it\/sr\/wp-json\/wp\/v2\/tags?post=8169"}],"curies":[{"name":"wp","href":"https:\/\/api.w.org\/{rel}","templated":true}]}}