{"id":8163,"date":"2014-02-14T08:21:39","date_gmt":"2014-02-14T07:21:39","guid":{"rendered":"https:\/\/ambbelgrado.esteri.it\/news\/dall_ambasciata\/2014\/02\/2014-02-13-avvicendamento-generali-nato-2\/"},"modified":"2014-02-14T08:21:39","modified_gmt":"2014-02-14T07:21:39","slug":"2014-02-13-avvicendamento-generali-nato-2","status":"publish","type":"post","link":"https:\/\/ambbelgrado.esteri.it\/sr\/news\/dall_ambasciata\/2014\/02\/2014-02-13-avvicendamento-generali-nato-2\/","title":{"rendered":"Italijanski general Bata \u0161ef kancelarije NATO-a u Srbiji"},"content":{"rendered":"<p><P><IMG style=\"WIDTH: 378px; HEIGHT: 203px\" border=\"0\" alt=\"Primopredaja duznosti u NATO vojnoj kancelariji za vezu\" src=\"\/resource\/2014\/02\/2014_02_11IMAG1835ridottaGeneraliBATTAeBARON.jpg\" width=\"378\" height=\"221\"><\/P><P>\u00a0\u00a0\u00a0 Italijanski brigadni general Lu\u010do Bata (1956) ju\u010de je, na ceremoniji u Starom General\u0161tabu u Beogradu, preuzeo du\u017enost \u0161efa Vojne kancelarije NATO-a za vezu u Srbiji. On je na tom mestu nasledio tako\u0111e italijanskog brigadnog generala Ornela Barona. Generalu Bati ovo je tre\u0107e slu\u017ebovanje u Srbiji. Od 2004. do 2007. godine, bio je na du\u017enosti vojnog ata\u0161ea u ambasadi Italije, a od kraja 2007. godine do kraja 2008. godine bio je \u0161ef Vojne kancelarije NATO-a za vezu, \u0161to je du\u017enost na koju se sada ponovo vra\u0107a.<BR>\u00a0\u00a0 \u2013 Radujem se nastavku podr\u0161ke Ministarstvu odbrane i Vojsci Srbije u njihovim daljim reformskim naporima i nadam se da \u0107e na\u0161e partnerstvo nastaviti da ja\u010da \u2013 rekao jegeneral Bata naglasiv\u0161i da je NATO spreman da sara\u0111uje sa Srbijom na pitanjima od zajedni\u010dkog interesa. <BR>\u00a0\u00a0\u00a0\u00a0 Sve\u010danosti primopredaje du\u017enosti prisustvovali su ministar odbrane Srbije Neboj\u0161a Rodi\u0107, komandant Komande zdru\u017eenih snaga NATO-a u Napulju ameri\u010dki admiral Brus Klingan, na\u010delnik General\u0161taba Vojske Srbije general Ljubi\u0161a Dikovi\u0107, predstavnici diplomatskog kora, vojni ata\u0161ei i druge zvanice.<BR>\u00a0\u00a0\u00a0\u00a0\u00a0 Zanimljivo da su ministar Rodi\u0107 i admiral Klingan na sve\u010danost u Stari General\u0161tab do\u0161li pe\u0161ice posle sastanka u obli\u017enjem sedi\u0161tu Ministarstva odbrane u Bir\u010daninovoj ulici, \u0161to je za doma\u0107ina bila prilika da gostu poka\u017ee ru\u0161evine General\u0161taba na uglu ulica kneza Milo\u0161a i Nemanjine. Ali, to je istorija iz vremena rata 1999. godine, kada je NATO bombardovao te zgrade, a ju\u010dera\u0161nji sastanak Rodi\u0107a i Klingana bio je prilika za razmatranje saradnje sa NATO-om u okviru programa Partnerstva za mir, ali i analizu aktuelnih bezbednosnih pitanja, sa posebnim osvrtom na situaciju na Kosovu o Metohiji, gde je NATO, preko Kfora, zadu\u017een za bezbednost. <BR>\u00a0\u00a0 \u201ePosebno je nagla\u0161en zna\u010daj saradnje Vojske Srbije i Kfora, \u010diji rezultati zna\u010dajno uti\u010du na ja\u010danje bezbednosne situacije u regionu. Ministar Rodi\u0107 je istakao da Kfor u\u017eiva najvi\u0161e poverenje gra\u0111ana Srbije u odnosu na ostale me\u0111unarodne aktere anga\u017eovane na prostoru Kosova i Metohije i da \u0107e odr\u017eanje neutralne pozicije NATO podr\u017eati primenu Briselskog sporazuma izme\u0111u Beograda i Pri\u0161tine. U tom smislu od posebne je va\u017enosti da ne do\u0111e do smanjenja snaga Kfor, \u0161to bi dovelo do ote\u017eane implementacije Vojnotehni\u010dkog sporazuma\u201d, saop\u0161tilo je Ministarstvo odbrane posle sastanka Rodi\u0107a i Klingana.<BR><BR>izvor: POLITIKA, (M. Galovi\u0107)<\/P><br \/>\n<P>&#8211;<\/P><br \/>\n<P>\u00a0\u00a0 Tim povodom ambasador \u0110uzepe Manco ja istakao zna\u010daj primopredaje du\u017enosti izme\u0111u dvojice italijanskih generala.\u00a0\u00a0\u00a0\u00a0\u00a0 <BR>\u00a0\u00a0 \u201ePrimopredaja du\u017enosti izme\u0111u dvojice italijanskih generala u NATO vojnoj kancelariji za vezu u Beogradu je veoma zna\u010dajna i ima trostruko zna\u010denje: to je pre svega priznanje za veliku profesionalnost italijanskoj vojsci, koje ponosno predstavljaju general Baron i general Bata; zatim svedo\u010di o kvalitetu i velikom doprinosu koji Italija pru\u017ea Atlanstkom savezu; i na kraju potvr\u0111uje apsolutnu glavnu ulogu koju Italija ima u pribli\u017eavanju Srbije evro-atlantskoj porodici\u201c, izjavio je ambasador Italije u Beogradu, \u0110uzepe Manco, koji je prisustvovao dana\u0161njoj ceremoniji. <BR>\u00a0\u00a0\u00a0 Prethodno je u Ambasadi Italiji odr\u017ean sastanak na kome su general Baron i general Bata pozdravili italijanske vojnike koji se nalaze u Beogradu.<BR><BR>&#8211;<\/P><br \/>\n<P><STRONG><A href=\"http:\/\/www.mod.gov.rs\/sadrzaj.php?id_sadrzaja=6182\">Primopredaja du\u017enosti u NATO vojnoj kancelariji za vezu<\/A>\u00a0&#8211; izvor Ministarstvo odbrane Republike Srbije<\/STRONG><BR><\/P><br \/>\n<P>\u00a0<\/P><\/p>\n","protected":false},"excerpt":{"rendered":"\u00a0\u00a0\u00a0 Italijanski brigadni general Lu\u010do Bata (1956) ju\u010de je, na ceremoniji u Starom General\u0161tabu u Beogradu, preuzeo du\u017enost \u0161efa Vojne kancelarije NATO-a za vezu u Srbiji. On je na tom mestu nasledio tako\u0111e italijanskog brigadnog generala Ornela Barona. Generalu Bati ovo je tre\u0107e slu\u017ebovanje u Srbiji. Od 2004. do 2007. godine, bio je na du\u017enosti [&hellip;]","protected":false},"author":1,"featured_media":0,"comment_status":"","ping_status":"","sticky":false,"template":"","format":"standard","meta":{"footnotes":""},"tags":[],"class_list":["post-8163","post","type-post","status-publish","format-standard","hentry"],"_links":{"self":[{"href":"https:\/\/ambbelgrado.esteri.it\/sr\/wp-json\/wp\/v2\/posts\/8163","targetHints":{"allow":["GET"]}}],"collection":[{"href":"https:\/\/ambbelgrado.esteri.it\/sr\/wp-json\/wp\/v2\/posts"}],"about":[{"href":"https:\/\/ambbelgrado.esteri.it\/sr\/wp-json\/wp\/v2\/types\/post"}],"author":[{"embeddable":true,"href":"https:\/\/ambbelgrado.esteri.it\/sr\/wp-json\/wp\/v2\/users\/1"}],"replies":[{"embeddable":true,"href":"https:\/\/ambbelgrado.esteri.it\/sr\/wp-json\/wp\/v2\/comments?post=8163"}],"version-history":[{"count":0,"href":"https:\/\/ambbelgrado.esteri.it\/sr\/wp-json\/wp\/v2\/posts\/8163\/revisions"}],"wp:attachment":[{"href":"https:\/\/ambbelgrado.esteri.it\/sr\/wp-json\/wp\/v2\/media?parent=8163"}],"wp:term":[{"taxonomy":"post_tag","embeddable":true,"href":"https:\/\/ambbelgrado.esteri.it\/sr\/wp-json\/wp\/v2\/tags?post=8163"}],"curies":[{"name":"wp","href":"https:\/\/api.w.org\/{rel}","templated":true}]}}