{"id":8152,"date":"2014-03-03T10:37:28","date_gmt":"2014-03-03T09:37:28","guid":{"rendered":"https:\/\/ambbelgrado.esteri.it\/news\/dall_ambasciata\/2014\/03\/the-economy-and-finance-board-2014-interview-amb-giuseppe-manzo-2\/"},"modified":"2014-03-03T10:37:28","modified_gmt":"2014-03-03T09:37:28","slug":"the-economy-and-finance-board-2014-interview-amb-giuseppe-manzo-2","status":"publish","type":"post","link":"https:\/\/ambbelgrado.esteri.it\/sr\/news\/dall_ambasciata\/2014\/03\/the-economy-and-finance-board-2014-interview-amb-giuseppe-manzo-2\/","title":{"rendered":"Intervju ambasadora Italije \u0110uzepea Manca za publikaciju &#8222;The Economy and Finance Board 2014&#8220;: &#8222;Kratkoro\u010dne reforme su uvek bolne&#8220;"},"content":{"rendered":"<p><P>&#8211; Kada pro\u0111u izbori, tra\u017ei\u0107emo od nove vlade da nastavi rad na neophodnim reformama. To nije samo interes stranih investitora, ve\u0107 i gra\u0111ana Srbije, koji ne razumeju za\u0161to izdavanje gra\u0111evinske dozvole traje mesecima. &#8211; <\/P><P><A href=\"\/resource\/2014\/03\/TheEconomyandFinanceBoard2014interviewAmbGiuseppeM.pdf\">The Economy and Finance Board 2014 &#8211; intervju ambasador Giuseppe MANZO<\/A><\/P><\/p>\n","protected":false},"excerpt":{"rendered":"&#8211; Kada pro\u0111u izbori, tra\u017ei\u0107emo od nove vlade da nastavi rad na neophodnim reformama. To nije samo interes stranih investitora, ve\u0107 i gra\u0111ana Srbije, koji ne razumeju za\u0161to izdavanje gra\u0111evinske dozvole traje mesecima. &#8211; The Economy and Finance Board 2014 &#8211; intervju ambasador Giuseppe MANZO","protected":false},"author":1,"featured_media":0,"comment_status":"","ping_status":"","sticky":false,"template":"","format":"standard","meta":{"footnotes":""},"tags":[],"class_list":["post-8152","post","type-post","status-publish","format-standard","hentry"],"_links":{"self":[{"href":"https:\/\/ambbelgrado.esteri.it\/sr\/wp-json\/wp\/v2\/posts\/8152","targetHints":{"allow":["GET"]}}],"collection":[{"href":"https:\/\/ambbelgrado.esteri.it\/sr\/wp-json\/wp\/v2\/posts"}],"about":[{"href":"https:\/\/ambbelgrado.esteri.it\/sr\/wp-json\/wp\/v2\/types\/post"}],"author":[{"embeddable":true,"href":"https:\/\/ambbelgrado.esteri.it\/sr\/wp-json\/wp\/v2\/users\/1"}],"replies":[{"embeddable":true,"href":"https:\/\/ambbelgrado.esteri.it\/sr\/wp-json\/wp\/v2\/comments?post=8152"}],"version-history":[{"count":0,"href":"https:\/\/ambbelgrado.esteri.it\/sr\/wp-json\/wp\/v2\/posts\/8152\/revisions"}],"wp:attachment":[{"href":"https:\/\/ambbelgrado.esteri.it\/sr\/wp-json\/wp\/v2\/media?parent=8152"}],"wp:term":[{"taxonomy":"post_tag","embeddable":true,"href":"https:\/\/ambbelgrado.esteri.it\/sr\/wp-json\/wp\/v2\/tags?post=8152"}],"curies":[{"name":"wp","href":"https:\/\/api.w.org\/{rel}","templated":true}]}}