{"id":8087,"date":"2014-03-31T10:51:47","date_gmt":"2014-03-31T08:51:47","guid":{"rendered":"https:\/\/ambbelgrado.esteri.it\/news\/dall_ambasciata\/2014\/03\/inaugurata-fabbrica-aunde-a-jagodina-2\/"},"modified":"2014-03-31T10:51:47","modified_gmt":"2014-03-31T08:51:47","slug":"inaugurata-fabbrica-aunde-a-jagodina-2","status":"publish","type":"post","link":"https:\/\/ambbelgrado.esteri.it\/sr\/news\/dall_ambasciata\/2014\/03\/inaugurata-fabbrica-aunde-a-jagodina-2\/","title":{"rendered":"Otvorena fabrika italijanske kompanije Aunde u Jagodini"},"content":{"rendered":"<p><P><IMG style=\"WIDTH: 280px; HEIGHT: 192px\" border=\"0\" alt=\"Otvaranje fabrike Aunde u Jagodini\" src=\"\/resource\/2014\/03\/AundeJagodina290315.jpg\" width=\"289\" height=\"201\"><\/P><P><IMG style=\"WIDTH: 281px; HEIGHT: 191px\" border=\"0\" alt=\"Otvaranje fabrike Aunde u Jagodini\" src=\"\/resource\/2014\/03\/AundeJagodinatagliocorda290315.jpg\" width=\"281\" height=\"222\"><\/P><br \/>\n<P><STRONG>Agencija TANJUG<\/STRONG><\/P><br \/>\n<P>JAGODINA &#8211; U Jagodini je danas otvorena fabrika automobilskih sedi\u0161ta i enterijera italijanske kompanije &#8222;Aunde&#8220;. <BR>\u00a0\u00a0 Fabrika je otvorena simboli\u010dnim presecanjem vrpce na sve\u010danosti kojoj su prisustvovali predsednik tehni\u010dke vlade Ivica Da\u010di\u0107, ministar saobra\u0107aja u tehni\u010dkoj vladi Aleksandar Anti\u0107, italijanski ambasador u Srbiji \u0110uzepe Manco i jedan od vlasnika &#8222;Aunde&#8220; Enriko Vernjano, kao i predsednik Skup\u0161tine grada Jagodine Dragan Markovi\u0107 &#8211; Palma.<\/P><br \/>\n<P>Da\u010di\u0107 je poru\u010dio da \u0107e Srbija nastaviti svoj put ka EU jer je jedino to garancija ekonomskog razvoja, izraziv\u0161i uverenje da \u0107e u narednom periodu Srbija stvarati povoljne uslove za investitore. <\/P><br \/>\n<P>Premijer je rekao da je ube\u0111en da \u0107e godine pred nama &#8222;ozna\u010diti napredak i razvoj Srbije&#8220;, ali i da zemlju \u010dekaju &#8222;te\u0161ki izazovi, u politi\u010dkom, ekonomskom i svakom drugom smislu&#8220;. <\/P><br \/>\n<P><EM>On je kazao da \u0107e ambasador Manco ostati upam\u0107en po tome \u0161to je Italija za njegovog boravka u Srbiji izbila na prvo mesto po spoljnotrgovinskoj razmeni i pretekla Rusiju i Nema\u010dku. <BR>&#8222;To je rezultat pre svega ekspanzije &#8222;Fijata&#8220; u Kargujevcu, ali i drugih projekata, a ima ih na stotine \u0161irom Srbije, koji pokazuju da se ekonomnska saradnja izmeju Italije i Srbije razvija u veoma dobrom smeru&#8220;, dodao je Da\u010di\u0107. <\/EM><\/P><br \/>\n<P>Govore\u0107i o fabrici &#8222;Aunde&#8220;, Da\u010di\u0107 je ocenio da &#8222;mo\u017eda u nekim drugim uslovima ovo ne bi bio neki zna\u010dajan projekat, ali u vreme visoke nezaposlenosti i ekonomske krize, otvaranje svakog novog radnog mesta je svojevrsno herojsko delo&#8220;. <\/P><br \/>\n<P>Investicija italijanske kompanije &#8222;Aunde Italia Groupp&#8220; je vredna nekoliko milion evra, u po\u010detku \u0107e, kako je ranije najavljeno, zapo\u0161ljavati sto, a kasnije jo\u0161 200 radnika. Izgradnju fabrike u industrijskoj zoni na Koridoru 10, dr\u017eava je subvencionisala sa po 6.000 evra po zaposlenom a u izgradnji su u\u010destvavale doma\u0107e firme iz Jagodine i Srbije. Fabrika ima dva sprata i povr\u0161ine je preko 5.000 kvadratnih metara, &#8222;projektovana za 300 zaposlenih sa mogu\u0107no\u0161\u0107u pro\u0161irenja&#8220;. Kompanija Aunde zapo\u0161ljava 12.500 radnika, ima 85 fabrika u 25 dr\u017eava, a za Jagodinu se odlu\u010dila zbog dobrih uslova koji su joj ponu\u0111eni u ovom gradu, lokacije na samom Koridoru 10 i blizine fabrike Fiat automobili Srbija u Kragujevcu. Ugovor o izgradnji fabrike u Jagodini potpisan je 28.novembra 2012. godine u Skup\u0161tini grada a izgradnja po\u010dela u junu pro\u0161le godine. <\/P><br \/>\n<P>Markovi\u0107- Palma je za 11.aprila najavio otvaranje jo\u0161 jedne italijanske Fabrike, kuhinjskog name\u0161taja &#8222;Mobil Turi&#8220;.<\/P><br \/>\n<P>\u00a0<\/P><br \/>\n<P>\u00a0<\/P><\/p>\n","protected":false},"excerpt":{"rendered":"Agencija TANJUG JAGODINA &#8211; U Jagodini je danas otvorena fabrika automobilskih sedi\u0161ta i enterijera italijanske kompanije &#8222;Aunde&#8220;. \u00a0\u00a0 Fabrika je otvorena simboli\u010dnim presecanjem vrpce na sve\u010danosti kojoj su prisustvovali predsednik tehni\u010dke vlade Ivica Da\u010di\u0107, ministar saobra\u0107aja u tehni\u010dkoj vladi Aleksandar Anti\u0107, italijanski ambasador u Srbiji \u0110uzepe Manco i jedan od vlasnika &#8222;Aunde&#8220; Enriko Vernjano, kao [&hellip;]","protected":false},"author":1,"featured_media":0,"comment_status":"","ping_status":"","sticky":false,"template":"","format":"standard","meta":{"footnotes":""},"tags":[],"class_list":["post-8087","post","type-post","status-publish","format-standard","hentry"],"_links":{"self":[{"href":"https:\/\/ambbelgrado.esteri.it\/sr\/wp-json\/wp\/v2\/posts\/8087","targetHints":{"allow":["GET"]}}],"collection":[{"href":"https:\/\/ambbelgrado.esteri.it\/sr\/wp-json\/wp\/v2\/posts"}],"about":[{"href":"https:\/\/ambbelgrado.esteri.it\/sr\/wp-json\/wp\/v2\/types\/post"}],"author":[{"embeddable":true,"href":"https:\/\/ambbelgrado.esteri.it\/sr\/wp-json\/wp\/v2\/users\/1"}],"replies":[{"embeddable":true,"href":"https:\/\/ambbelgrado.esteri.it\/sr\/wp-json\/wp\/v2\/comments?post=8087"}],"version-history":[{"count":0,"href":"https:\/\/ambbelgrado.esteri.it\/sr\/wp-json\/wp\/v2\/posts\/8087\/revisions"}],"wp:attachment":[{"href":"https:\/\/ambbelgrado.esteri.it\/sr\/wp-json\/wp\/v2\/media?parent=8087"}],"wp:term":[{"taxonomy":"post_tag","embeddable":true,"href":"https:\/\/ambbelgrado.esteri.it\/sr\/wp-json\/wp\/v2\/tags?post=8087"}],"curies":[{"name":"wp","href":"https:\/\/api.w.org\/{rel}","templated":true}]}}