{"id":8077,"date":"2014-04-03T08:32:51","date_gmt":"2014-04-03T06:32:51","guid":{"rendered":"https:\/\/ambbelgrado.esteri.it\/news\/dall_ambasciata\/2014\/04\/scambio-studenti-licei-belgrado-e-altamura-2\/"},"modified":"2014-04-03T08:32:51","modified_gmt":"2014-04-03T06:32:51","slug":"scambio-studenti-licei-belgrado-e-altamura-2","status":"publish","type":"post","link":"https:\/\/ambbelgrado.esteri.it\/sr\/news\/dall_ambasciata\/2014\/04\/scambio-studenti-licei-belgrado-e-altamura-2\/","title":{"rendered":"Razmena u\u010denika izme\u0111u\u00a0gimnazija iz Beograda i Altamure. U maju srpski \u0111aci odlaze u posetu\u00a0Pulji"},"content":{"rendered":"<p><P><BR>(ANSA) \u2013 BEOGRAD, 31. MART \u2013 Grupa u\u010denika gimnazije \u201eCognazzi\u201c iz Altamure (Bari) boravila je u Beogradu na osnovu sporazuma o razmeni i bratimljenju sa Tre\u0107om beogradskom gimnazijom iz Beograda u kojoj ve\u0107 deset godina radi italijanska sekcija koju poha\u0111a stotinak u\u010denika posebno zainteresovanih za u\u010denje italijanskog jezika i za izu\u010davanje italijanske istorije i kulture. U\u010denici iz Altamure su po drugi put bili gosti svojih vr\u0161njaka u Beogradu, a prva poseta je realizovana pro\u0161le godine.<BR>Od 20-25. marta o.g. u\u010denici iz Pulje, u pratnji dva profesora, bili su u poseti kod svojih srpskih drugova koji su ih kroz ad hoc prezentacije na italijanskom jeziku informisali o programima Tre\u0107e beogradske gimnazije, o \u0161kolstvu, istoriji, dru\u0161tvu i kulturi Srbije. Italijanski \u0111aci, koji su bili sme\u0161teni u porodice srpskih u\u010denika, posetili su neke muzeje u Beogradu, najva\u017enija i najzna\u010dajnija mesta u gradu na dve reke (Sava i Dunav), i\u0161li u posetu Novom Sadu, drugom po veli\u010dini gradu u Srbiji i glavnom gradu severne srpske pokrajine Vojvodine. Posetili su tako\u0111e i Italijanski kulturni centar u Beogradu.<BR>Ova inicijativa je realizovana zahvaljuju\u0107i entuzijazmu i velikom doprinosu Klare De Mari i Ancije Sakomandi, nastavnica gimnazije \u201eCognazzi\u201c i Tre\u0107e beogradske gimnazije. Od 25-31. maja o.g. gimnazija \u201eCognazzi\u201c uzvrati\u0107e gostoprimstvo grupi od 14 srpskih u\u010denika Tre\u0107e beogradske gimnazije, koji \u0107e u\u010destvovati sa svojom pozori\u0161nom predstavom na tradicionalnoj Pozori\u0161noj smotri u organizaciji Instituta iz Altamure. Bi\u0107e to i za beogradske u\u010denike druga poseta ovom gradu u Pulji.<BR>Ista ovakva razmena, tako\u0111e u martu mesecu, realizovana je izme\u0111u Tre\u0107e gimnazije i gimnazije \u201eVirgilio\u201c iz Milana, posetom 24 srpska u\u010denika prestonici Lombardije kao i posetom Beogradu 14 u\u010denika gimnazije \u201ePaolo Diacono\u201c iz \u010cividalea (Udine). <BR><\/P><\/p>\n","protected":false},"excerpt":{"rendered":"(ANSA) \u2013 BEOGRAD, 31. MART \u2013 Grupa u\u010denika gimnazije \u201eCognazzi\u201c iz Altamure (Bari) boravila je u Beogradu na osnovu sporazuma o razmeni i bratimljenju sa Tre\u0107om beogradskom gimnazijom iz Beograda u kojoj ve\u0107 deset godina radi italijanska sekcija koju poha\u0111a stotinak u\u010denika posebno zainteresovanih za u\u010denje italijanskog jezika i za izu\u010davanje italijanske istorije i kulture. [&hellip;]","protected":false},"author":1,"featured_media":0,"comment_status":"","ping_status":"","sticky":false,"template":"","format":"standard","meta":{"footnotes":""},"tags":[],"class_list":["post-8077","post","type-post","status-publish","format-standard","hentry"],"_links":{"self":[{"href":"https:\/\/ambbelgrado.esteri.it\/sr\/wp-json\/wp\/v2\/posts\/8077","targetHints":{"allow":["GET"]}}],"collection":[{"href":"https:\/\/ambbelgrado.esteri.it\/sr\/wp-json\/wp\/v2\/posts"}],"about":[{"href":"https:\/\/ambbelgrado.esteri.it\/sr\/wp-json\/wp\/v2\/types\/post"}],"author":[{"embeddable":true,"href":"https:\/\/ambbelgrado.esteri.it\/sr\/wp-json\/wp\/v2\/users\/1"}],"replies":[{"embeddable":true,"href":"https:\/\/ambbelgrado.esteri.it\/sr\/wp-json\/wp\/v2\/comments?post=8077"}],"version-history":[{"count":0,"href":"https:\/\/ambbelgrado.esteri.it\/sr\/wp-json\/wp\/v2\/posts\/8077\/revisions"}],"wp:attachment":[{"href":"https:\/\/ambbelgrado.esteri.it\/sr\/wp-json\/wp\/v2\/media?parent=8077"}],"wp:term":[{"taxonomy":"post_tag","embeddable":true,"href":"https:\/\/ambbelgrado.esteri.it\/sr\/wp-json\/wp\/v2\/tags?post=8077"}],"curies":[{"name":"wp","href":"https:\/\/api.w.org\/{rel}","templated":true}]}}