{"id":8071,"date":"2014-04-08T11:16:47","date_gmt":"2014-04-08T09:16:47","guid":{"rendered":"https:\/\/ambbelgrado.esteri.it\/news\/dall_ambasciata\/2014\/04\/ministro-della-cultura-di-belgrado-riceve-studenti-triestini-2\/"},"modified":"2014-04-08T11:16:47","modified_gmt":"2014-04-08T09:16:47","slug":"ministro-della-cultura-di-belgrado-riceve-studenti-triestini-2","status":"publish","type":"post","link":"https:\/\/ambbelgrado.esteri.it\/sr\/news\/dall_ambasciata\/2014\/04\/ministro-della-cultura-di-belgrado-riceve-studenti-triestini-2\/","title":{"rendered":"Ministar kulture primio u Beogradu studente iz Trsta"},"content":{"rendered":"<p><P><IMG border=\"0\" alt=\"Ministar Tasovac i ambasador Manco sa studentima iz Trsta\" src=\"\/resource\/2014\/04\/Tasovacconstudentitriestini1.jpg\"><\/P><P>Ministar kulture Srbije Ivan Tasovac primio je danas u Beogradu italijanske studente koji studiraju srpski jezik na \u0160koli za prevodioce Univerziteta u Trstu. Ministar je istakao da prisustvo mladih budu\u0107ih prevodilaca potvr\u0111uje razvoj odnosa izme\u0111u dve zemlje i na strate\u0161kom planu kutlrure. Kao gosti svojih vr\u0161njaka iz Srbije, italijanski studenti su u\u010destvovali u nastavnom programu koji je organizovala Katedra za italijanistiku Univerziteta u Beogradu.<\/P><br \/>\n<P>\u201cOvi mladi ljudi su najbolji mogu\u0107i primer sada\u0161njih i pre svega budu\u0107ih odli\u010dnih odnosa izme\u0111u Italije i Srbije\u201d, izjavio je ambasador Italije u Beogradu \u0110uzepe Manco u toku predstavljanja mladih prevodilaca ministru Tasovcu. \u201cTo je odnos izme\u0111u institucija, preduze\u0107a, ali tako\u0111e i izme\u0111u dve kulture i mladih generacija\u201d, nastavio je Manco, naro\u010dito isti\u010du\u0107i ja\u010danje odnosa izme\u0111u Beograda u Regije Frijuli Venecija \u0110ulija, \u010dija je mlada predsednica Debora Serakjani nedavno najavila da \u0107e uskoro posetiti Srbiju.<BR><\/P><\/p>\n","protected":false},"excerpt":{"rendered":"Ministar kulture Srbije Ivan Tasovac primio je danas u Beogradu italijanske studente koji studiraju srpski jezik na \u0160koli za prevodioce Univerziteta u Trstu. Ministar je istakao da prisustvo mladih budu\u0107ih prevodilaca potvr\u0111uje razvoj odnosa izme\u0111u dve zemlje i na strate\u0161kom planu kutlrure. Kao gosti svojih vr\u0161njaka iz Srbije, italijanski studenti su u\u010destvovali u nastavnom programu [&hellip;]","protected":false},"author":1,"featured_media":0,"comment_status":"","ping_status":"","sticky":false,"template":"","format":"standard","meta":{"footnotes":""},"tags":[],"class_list":["post-8071","post","type-post","status-publish","format-standard","hentry"],"_links":{"self":[{"href":"https:\/\/ambbelgrado.esteri.it\/sr\/wp-json\/wp\/v2\/posts\/8071","targetHints":{"allow":["GET"]}}],"collection":[{"href":"https:\/\/ambbelgrado.esteri.it\/sr\/wp-json\/wp\/v2\/posts"}],"about":[{"href":"https:\/\/ambbelgrado.esteri.it\/sr\/wp-json\/wp\/v2\/types\/post"}],"author":[{"embeddable":true,"href":"https:\/\/ambbelgrado.esteri.it\/sr\/wp-json\/wp\/v2\/users\/1"}],"replies":[{"embeddable":true,"href":"https:\/\/ambbelgrado.esteri.it\/sr\/wp-json\/wp\/v2\/comments?post=8071"}],"version-history":[{"count":0,"href":"https:\/\/ambbelgrado.esteri.it\/sr\/wp-json\/wp\/v2\/posts\/8071\/revisions"}],"wp:attachment":[{"href":"https:\/\/ambbelgrado.esteri.it\/sr\/wp-json\/wp\/v2\/media?parent=8071"}],"wp:term":[{"taxonomy":"post_tag","embeddable":true,"href":"https:\/\/ambbelgrado.esteri.it\/sr\/wp-json\/wp\/v2\/tags?post=8071"}],"curies":[{"name":"wp","href":"https:\/\/api.w.org\/{rel}","templated":true}]}}