{"id":8065,"date":"2014-04-14T07:51:05","date_gmt":"2014-04-14T05:51:05","guid":{"rendered":"https:\/\/ambbelgrado.esteri.it\/news\/dall_ambasciata\/2014\/04\/la-via-maestra-di-giorgio-napolitano-2\/"},"modified":"2014-04-14T07:51:05","modified_gmt":"2014-04-14T05:51:05","slug":"la-via-maestra-di-giorgio-napolitano-2","status":"publish","type":"post","link":"https:\/\/ambbelgrado.esteri.it\/sr\/news\/dall_ambasciata\/2014\/04\/la-via-maestra-di-giorgio-napolitano-2\/","title":{"rendered":"Predgovor knjige predsednika Italije\u00a0\u0110or\u0111a Napolitana &#8222;Put saznavanja &#8211; Evropa i uloga Italije u svetu&#8220; objavio je\u00a0dnevni list Politika\u00a0\u00a0"},"content":{"rendered":"<p><P><IMG style=\"MARGIN-TOP: 0px; WIDTH: 150px; HEIGHT: 198px; MARGIN-LEFT: 0px; MARGIN-RIGHT: 0px\" class=\"rg_i\" name=\"4LVp7FmWj7hedM:\" src=\"https:\/\/encrypted-tbn1.gstatic.com\/images?q=tbn:ANd9GcSPbbQs23Yfz4mDV4sc5LDjaYaItGhgdYp5wiBGb57LzIQU6zApPQ\" data-sz=\"f\" data-src=\"https:\/\/encrypted-tbn1.gstatic.com\/images?q=tbn:ANd9GcSPbbQs23Yfz4mDV4sc5LDjaYaItGhgdYp5wiBGb57LzIQU6zApPQ\"><\/P><br \/>\n<P><BR>\u00a0\u00a0\u00a0 Od danas do srede \u010ditaoci \u0107e imati priliku da u dnevnom listu Politika pro\u010ditaju predgovor knjige predsednika Republike Italije \u0110or\u0111a Napolitana \u201ePut saznavanja \u2013 Evropa i uloga Italije u svetu\u201c.<BR>Zahvaljuju\u0107i saradnji koju ambasada Italije u Beogradu ima sa dnevnim listom Politika, koji je nedavno proslavila va\u017ean jubilej, 110 godina od osnivanja, bi\u0107e ekskluzivno objavljen tekst kojim Napolitano otpo\u010dinje svoju knjigu koju je napisao u saradnji sa novinarom italijanskog dnevnog lista \u201eLa Repubblica\u201c Federikom Rampinijem, koja je objavljena pro\u0161le godine na kraju njegovog prvog sedmogodi\u0161njeg mandata (2006-2013). <BR>\u00a0\u00a0\u00a0 \u201eItalija i Srbija obele\u017eavaju ove godine 135-ogodi\u0161njicu od uspostavljanja diplomatskih odnosa i petogodi\u0161njicu strate\u0161kog partnerstva i samita izme\u0111u Vlada na\u0161e dve zemlje. Odnosi izme\u0111u Rima i Beograda se iz dana u dan sve vi\u0161e razvijaju u svim oblastima \u010diji je zajedni\u010dki cilj pripadnost evropskoj porodici\u201c, napisao je ambasador\u00a0 \u0110uzepe Manco u uvodu za prvi deo teksta.<BR>\u00a0\u00a0\u00a0 \u201eOd prvog jula ove godine Italija \u0107e preuzeti predsedavanje Evropskom unijom i namera nam je da iskoristimo ovu priliku da dodatno ubrzamo evropski put Beograda. Dakle, 2014. godina ima poseban zna\u010daj a to se videlo ve\u0107 u januaru zapo\u010dinjanjem pregovora o pridru\u017eivanju Srbije Evropskoj uniji, \u0161to je od istorijskog zna\u010daja\u201c, dodao je ambasador Manco.<BR>\u00a0\u00a0\u00a0 \u201eUpravo je Evropa taj nezaobilazni, ne samo kulturni, ve\u0107 i politi\u010dki faktor oko koga se kre\u0107u razmi\u0161ljanja ube\u0111enog \u201cevropejca\u201d, predsednika Republike Italije, \u0110or\u0111a Napolitana (Giorgio Napolitano), u njegovoj poslednjoj knjizi pod nazivom \u201cPut saznavanja \u2013 Evropa i uloga Italije u svetu\u201d, istakao je ambasador Manco i zahvalio se Ljiljani Smajlovi\u0107 na entuzijazmu kojim je prihvatila ideju da objavi tekst predsednika Napolitana u Politici.<BR><\/P><\/p>\n","protected":false},"excerpt":{"rendered":"\u00a0\u00a0\u00a0 Od danas do srede \u010ditaoci \u0107e imati priliku da u dnevnom listu Politika pro\u010ditaju predgovor knjige predsednika Republike Italije \u0110or\u0111a Napolitana \u201ePut saznavanja \u2013 Evropa i uloga Italije u svetu\u201c.Zahvaljuju\u0107i saradnji koju ambasada Italije u Beogradu ima sa dnevnim listom Politika, koji je nedavno proslavila va\u017ean jubilej, 110 godina od osnivanja, bi\u0107e ekskluzivno objavljen [&hellip;]","protected":false},"author":1,"featured_media":0,"comment_status":"","ping_status":"","sticky":false,"template":"","format":"standard","meta":{"footnotes":""},"tags":[],"class_list":["post-8065","post","type-post","status-publish","format-standard","hentry"],"_links":{"self":[{"href":"https:\/\/ambbelgrado.esteri.it\/sr\/wp-json\/wp\/v2\/posts\/8065","targetHints":{"allow":["GET"]}}],"collection":[{"href":"https:\/\/ambbelgrado.esteri.it\/sr\/wp-json\/wp\/v2\/posts"}],"about":[{"href":"https:\/\/ambbelgrado.esteri.it\/sr\/wp-json\/wp\/v2\/types\/post"}],"author":[{"embeddable":true,"href":"https:\/\/ambbelgrado.esteri.it\/sr\/wp-json\/wp\/v2\/users\/1"}],"replies":[{"embeddable":true,"href":"https:\/\/ambbelgrado.esteri.it\/sr\/wp-json\/wp\/v2\/comments?post=8065"}],"version-history":[{"count":0,"href":"https:\/\/ambbelgrado.esteri.it\/sr\/wp-json\/wp\/v2\/posts\/8065\/revisions"}],"wp:attachment":[{"href":"https:\/\/ambbelgrado.esteri.it\/sr\/wp-json\/wp\/v2\/media?parent=8065"}],"wp:term":[{"taxonomy":"post_tag","embeddable":true,"href":"https:\/\/ambbelgrado.esteri.it\/sr\/wp-json\/wp\/v2\/tags?post=8065"}],"curies":[{"name":"wp","href":"https:\/\/api.w.org\/{rel}","templated":true}]}}