{"id":8044,"date":"2014-04-18T08:11:29","date_gmt":"2014-04-18T06:11:29","guid":{"rendered":"https:\/\/ambbelgrado.esteri.it\/news\/dall_ambasciata\/2014\/04\/collaborazione-militare-2014-2\/"},"modified":"2014-04-18T08:11:29","modified_gmt":"2014-04-18T06:11:29","slug":"collaborazione-militare-2014-2","status":"publish","type":"post","link":"https:\/\/ambbelgrado.esteri.it\/sr\/news\/dall_ambasciata\/2014\/04\/collaborazione-militare-2014-2\/","title":{"rendered":"Potpisan Plan bilateralne vojne saradnje Srbije i Italije za 2014. godinu"},"content":{"rendered":"<p><P><IMG style=\"WIDTH: 275px; HEIGHT: 211px\" border=\"0\" alt=\"pukovnik Milan Konjikovac i pukovnik Paolo Papalardo\" src=\"\/resource\/2014\/04\/Colaborazionemilitare2014foto03.jpg\" width=\"276\" height=\"293\">\u00a0<\/P><P><IMG style=\"WIDTH: 275px; HEIGHT: 181px\" border=\"0\" alt=\"Vojna saradnja Srbije i Italije za 2014. godinu\" src=\"\/resource\/2014\/04\/Collaborazionemilitare2014foto04.jpg\" width=\"255\" height=\"245\"><\/P><br \/>\n<P>U okviru redovnih planiranih aktivnosti, u Ministarstvu odbrane danas je odr\u017ean sastanak s ciljem usagla\u0161avanja Plana bilateralne vojne saradnje za 2014. godinu. Tom prilikom ocenjeno je da upravo uspe\u0161no zavr\u0161ena zvani\u010dna poseta ministra odbrane Republike Srbije Neboj\u0161e Rodi\u0107a Republici Italiji i razgovori sa ministarkom odbrane Robertom Pinoti i na\u010delnikom General\u0161taba Oru\u017eanih snaga admiralom Lui\u0111ijem Binelijem Mantelijem potvr\u0111uju opredeljenje da se kroz unapre\u0111enje saradnje u oblasti odbrane zna\u010dajno doprinese ja\u010danju ukupnih odnosa dve zemlje. Posebno je izra\u017eeno zadovoljstvo \u0161to su, nakon zvani\u010dnih razgovora, u okviru obele\u017eavanja 100 godina od po\u010detka Velikog rata dva ministra prisustvovala promociji knjige \u201eZa Srpsku vojsku \u2013 jedna zaboravljena pri\u010da\u201c, potvr\u0111uju\u0107i tradicionalno dobre i prijateljske odnose.<\/P><br \/>\n<P>Saradnja u oblasti odbrane ocenjena je razvijenom, uz prostor za dalje kvantitativno i kvalitativno unapre\u0111enje. Karakteri\u0161u je susreti visokog nivoa, bilateralne vojno-bezbednosne konsultacije i veliki broj aktivnosti. <\/P><br \/>\n<P>Zastupnik na\u010delnika Uprave za me\u0111unarodnu vojnu saradnju pukovnik Konjikovac izrazio je zadovoljstvo stepenom usagla\u0161enosti Tehni\u010dkog sporazuma izme\u0111u dva ministarstva odbrane, s ciljem stvaranja uslova za zajedni\u010dko anga\u017eovanje u mirovnoj operaciji Ujedinjenih nacija u Libanu UNIFIL. On je preneo zahvalnost Republici Italiji za podr\u0161ku Republici Srbiji na putu evropskih integraciji i profesionalnom anga\u017eovanju pripadnika Oru\u017eanih snaga Republike Italije u sastavu KFOR na doprinosu stabilnosti i postizanju trajnog mira.<\/P><br \/>\n<P>Izaslanik odbrane Republike Italije pukovnik Papalardo istakao je spremnost italijanske strane za razmenu iskustava po pitanju bezbednosnih i odbrambenih aspekata priklju\u010denja EU, anga\u017emana u okviru Zajedni\u010dke bezbednosne i odbrambene politike i Evropske odbrambene agencije. On je istakao da saradnja u oblasti obrazovanja zauzima posebno mesto u saradnji dva ministarstva. Vojna medicina prepoznata je kao oblast u kojoj je mogu\u0107e sara\u0111ivati uspe\u0161no, efikasno i u kontinuitetu.<\/P><br \/>\n<P>Na kraju sastanka potpisan je Plan bilateralne vojne saradnje izme\u0111u dva ministarstva odbrane za 2014. godinu. Planirane aktivnosti omogu\u0107avaju nastavak saradnje u te\u017ei\u0161nim oblastima &#8211; \u0161kolovanja i usavr\u0161avanja, vojno-vojne saradnje, obave\u0161tajno-izvi\u0111a\u010dke delatnosti i vojnomedicinske saradnje.<BR><\/P><\/p>\n","protected":false},"excerpt":{"rendered":"\u00a0 U okviru redovnih planiranih aktivnosti, u Ministarstvu odbrane danas je odr\u017ean sastanak s ciljem usagla\u0161avanja Plana bilateralne vojne saradnje za 2014. godinu. Tom prilikom ocenjeno je da upravo uspe\u0161no zavr\u0161ena zvani\u010dna poseta ministra odbrane Republike Srbije Neboj\u0161e Rodi\u0107a Republici Italiji i razgovori sa ministarkom odbrane Robertom Pinoti i na\u010delnikom General\u0161taba Oru\u017eanih snaga admiralom Lui\u0111ijem [&hellip;]","protected":false},"author":1,"featured_media":0,"comment_status":"","ping_status":"","sticky":false,"template":"","format":"standard","meta":{"footnotes":""},"tags":[],"class_list":["post-8044","post","type-post","status-publish","format-standard","hentry"],"_links":{"self":[{"href":"https:\/\/ambbelgrado.esteri.it\/sr\/wp-json\/wp\/v2\/posts\/8044","targetHints":{"allow":["GET"]}}],"collection":[{"href":"https:\/\/ambbelgrado.esteri.it\/sr\/wp-json\/wp\/v2\/posts"}],"about":[{"href":"https:\/\/ambbelgrado.esteri.it\/sr\/wp-json\/wp\/v2\/types\/post"}],"author":[{"embeddable":true,"href":"https:\/\/ambbelgrado.esteri.it\/sr\/wp-json\/wp\/v2\/users\/1"}],"replies":[{"embeddable":true,"href":"https:\/\/ambbelgrado.esteri.it\/sr\/wp-json\/wp\/v2\/comments?post=8044"}],"version-history":[{"count":0,"href":"https:\/\/ambbelgrado.esteri.it\/sr\/wp-json\/wp\/v2\/posts\/8044\/revisions"}],"wp:attachment":[{"href":"https:\/\/ambbelgrado.esteri.it\/sr\/wp-json\/wp\/v2\/media?parent=8044"}],"wp:term":[{"taxonomy":"post_tag","embeddable":true,"href":"https:\/\/ambbelgrado.esteri.it\/sr\/wp-json\/wp\/v2\/tags?post=8044"}],"curies":[{"name":"wp","href":"https:\/\/api.w.org\/{rel}","templated":true}]}}