{"id":8011,"date":"2014-05-12T12:57:19","date_gmt":"2014-05-12T10:57:19","guid":{"rendered":"https:\/\/ambbelgrado.esteri.it\/news\/dall_ambasciata\/2014\/05\/concerto-lirico-teatro-nazionale-belgrado-2\/"},"modified":"2014-05-12T12:57:19","modified_gmt":"2014-05-12T10:57:19","slug":"concerto-lirico-teatro-nazionale-belgrado-2","status":"publish","type":"post","link":"https:\/\/ambbelgrado.esteri.it\/sr\/news\/dall_ambasciata\/2014\/05\/concerto-lirico-teatro-nazionale-belgrado-2\/","title":{"rendered":"Italijanske opere u Narodnom pozori\u0161tu u Beogradu povodom dana Evropske unije\u00a0"},"content":{"rendered":"<p><P><IMG style=\"WIDTH: 252px; HEIGHT: 163px\" border=\"0\" alt=\"Rossini e Mascagni\" src=\"\/resource\/2014\/05\/RossinieMascagni1.jpg\" width=\"292\" height=\"199\"><\/P><P>\u00a0\u00a0 \u041f\u043e\u0432\u043e\u0434\u043e\u043c \u0414\u0430\u043d\u0430 \u0415\u0432\u0440\u043e\u043f\u0441\u043a\u0435 \u0443\u043d\u0438\u0458\u0435,\u00a0 \u0443 \u0441\u0443\u0431\u043e\u0442\u0443 10. \u043c\u0430\u0458\u0430 \u043d\u0430 \u0412\u0435\u043b\u0438\u043a\u043e\u0458 \u0441\u0446\u0435\u043d\u0438 \u043e\u0434\u0440\u0436\u0430\u043d\u043e \u0458\u0435 Lancia \u2013 \u0432\u0435\u0447\u0435 \u0438\u0442\u0430\u043b\u0438\u0458\u0430\u043d\u0441\u043a\u0438\u0445 \u0430\u0440\u0438\u0458\u0430\u00a0 \u043f\u043e\u0434 \u043d\u0430\u0437\u0438\u0432\u043e\u043c &#8222;\u041e\u0434 \u0420\u043e\u0441\u0438\u043d\u0438\u0458\u0430 \u0434\u043e \u041c\u0430\u0441\u043a\u0430\u043d\u0438\u0458\u0430&#8220;, \u0443 \u0440\u0435\u0436\u0438\u0458\u0438 \u0418\u0432\u0430\u043d\u0435 \u0414\u0440\u0430\u0433\u0443\u0442\u0438\u043d\u043e\u0432\u0438\u045b \u041c\u0430\u0440\u0438\u0447\u0438\u045b.<BR>\u00a0\u00a0 \u041f\u043e\u0434 \u0434\u0438\u0440\u0438\u0433\u0435\u043d\u0442\u0441\u043a\u043e\u043c \u0443\u043f\u0440\u0430\u0432\u043e\u043c \u0433\u043e\u0441\u0442\u0430 \u0438\u0437 \u0418\u0442\u0430\u043b\u0438\u0458\u0435 \u0402\u0430\u043d\u043f\u0430\u043e\u043b\u0430 \u041c\u0430\u0446\u043e\u043b\u0438\u0458\u0430, \u043d\u0430\u0441\u0442\u0443\u043f\u0438\u043b\u0435 \u0441\u0443 \u043f\u0440\u0438\u043c\u0430\u0434\u043e\u043d\u0435 \u0408\u0430\u0434\u0440\u0430\u043d\u043a\u0430 \u0408\u043e\u0432\u0430\u043d\u043e\u0432\u0438\u045b, \u0421\u0443\u0437\u0430\u043d\u0430 \u0428\u0443\u0432\u0430\u043a\u043e\u0432\u0438\u045b \u0421\u0430\u0432\u0438\u045b \u0438 \u0408\u0430\u0441\u043c\u0438\u043d\u0430 \u0422\u0440\u0443\u043c\u0431\u0435\u0442\u0430\u0448 \u041f\u0435\u0442\u0440\u043e\u0432\u0438\u045b, \u043f\u0440\u0432\u0430\u043a \u041e\u043f\u0435\u0440\u0435 \u041d\u0435\u043d\u0430\u0434 \u0408\u0430\u043a\u043e\u0432\u0459\u0435\u0432\u0438\u045b \u0438 \u0441\u043e\u043b\u0438\u0441\u0442\u0430 \u0409\u0443\u0431\u043e\u0434\u0440\u0430\u0433 \u0411\u0435\u0433\u043e\u0432\u0438\u045b.<BR>\u00a0\u00a0 \u041d\u0430 \u043a\u043e\u043d\u0446\u0435\u0440\u0442\u0443 \u0441\u0443 \u0443\u0447\u0435\u0441\u0442\u0432\u043e\u0432\u0430\u043b\u0438 \u041e\u0440\u043a\u0435\u0441\u0442\u0430\u0440 \u0438 \u0425\u043e\u0440 \u041e\u043f\u0435\u0440\u0435 \u041d\u0430\u0440\u043e\u0434\u043d\u043e\u0433 \u043f\u043e\u0437\u043e\u0440\u0438\u0448\u0442\u0430 \u0443 \u0411\u0435\u043e\u0433\u0440\u0430\u0434\u0443, \u0430 \u043a\u0430\u043e \u0441\u043f\u0435\u0446\u0438\u0458\u0430\u043b\u043d\u0438 \u0433\u043e\u0441\u0442 \u043d\u0430\u0441\u0442\u0443\u043f\u0438\u043e \u0458\u0435 \u0438\u0442\u0430\u043b\u0438\u0458\u0430\u043d\u0441\u043a\u0438 \u0443\u043c\u0435\u0442\u043d\u0438\u043a, \u0431\u0430\u0440\u0438\u0442\u043e\u043d \u0414\u043e\u043c\u0435\u043d\u0438\u043a\u043e \u0411\u0430\u043b\u0446\u0430\u043d\u0438.<BR>\u00a0\u00a0 \u041d\u0430 \u043f\u0440\u043e\u0433\u0440\u0430\u043c\u0443, \u043a\u043e\u0458\u0438 \u0458\u0435 \u043e\u0442\u0432\u043e\u0440\u0435\u043d \u0423\u0432\u0435\u0440\u0442\u0438\u0440\u043e\u043c \u0438\u0437 \u201e\u041d\u043e\u0440\u043c\u0435\u201c, \u0431\u0438\u043b\u0435 \u0441\u0443 \u0430\u0440\u0438\u0458\u0435, \u0434\u0443\u0435\u0442\u0438 \u0438 \u0445\u043e\u0440\u043e\u0432\u0438 \u0438\u0437 \u043f\u043e\u0437\u043d\u0430\u0442\u0438\u0445 \u0438\u0442\u0430\u043b\u0438\u0458\u0430\u043d\u0441\u043a\u0438\u0445 \u043e\u043f\u0435\u0440\u0430 \u201e\u0420\u0438\u0433\u043e\u043b\u0435\u0442\u043e\u201c, \u201e\u041d\u0430\u0431\u0443\u043a\u043e\u201c, \u201e\u0422\u0440\u0443\u0431\u0430\u0434\u0443\u0440\u201c, \u201e\u0414\u043e\u043d \u041a\u0430\u0440\u043b\u043e\u0441\u201c, \u201e\u0422\u0440\u0430\u0432\u0438\u0458\u0430\u0442\u0430\u201c, \u0421\u0435\u0432\u0438\u0459\u0441\u043a\u0438 \u0431\u0435\u0431\u0440\u0431\u0435\u0440\u0438\u043d\u201c, \u201e\u041a\u0430\u0432\u0430\u043b\u0435\u0440\u0438\u0458\u0430 \u0440\u0443\u0441\u0442\u0438\u043a\u0430\u043d\u0430\u201c, \u201e\u041f\u0430\u0458\u0430\u0446\u0438\u201c, \u201e\u041c\u0430\u0434\u0430\u043c \u0411\u0430\u0442\u0435\u0440\u0444\u043b\u0430\u0458\u201c \u0438 \u201e\u0422\u043e\u0441\u043a\u0430\u201c. <BR>\u00a0\u00a0 \u041a\u043e\u043d\u0446\u0435\u0440\u0442 \u0458\u0435 \u0440\u0435\u0430\u043b\u0438\u0437\u043e\u0432\u0430\u043d \u0443 \u0441\u0430\u0440\u0430\u0434\u045a\u0438 \u0441\u0430 \u0418\u0442\u0430\u043b\u0438\u0458\u0430\u043d\u0441\u043a\u0438\u043c \u0438\u043d\u0441\u0442\u0438\u0442\u0443\u0442\u043e\u043c \u0437\u0430 \u043a\u0443\u043b\u0442\u0443\u0440\u0443 \u0443 \u0411\u0435\u043e\u0433\u0440\u0430\u0434\u0443.<BR>\u0421\u0446\u0435\u043d\u043e\u0433\u0440\u0430\u0444\u0438\u0458\u0443 \u0458\u0435 \u043a\u0440\u0435\u0438\u0440\u0430\u043b\u0430 \u041d\u0435\u0432\u0435\u043d\u043a\u0430 \u0412\u0438\u0434\u0430\u043a, \u0434\u043e\u043a \u0458\u0435 \u0437\u0430 \u0432\u0438\u0434\u0435\u043e \u043f\u0440\u043e\u0458\u0435\u043a\u0446\u0438\u0458\u0443 \u0431\u0438\u043e \u0437\u0430\u0434\u0443\u0436\u0435\u043d \u041f\u0435\u0442\u0430\u0440 \u0410\u043d\u0442\u043e\u043d\u043e\u0432\u0438\u045b.<\/P><br \/>\n<P>\u00a0\u00a0\u00a0 Ovom doga\u0111aju su prisusvovali i predstavnici nekoliko zemalja Evropske unije u Beogradu, uklju\u010duju\u0107i i italijanskog ambasadora \u0110uzepea Manca i apostolskog nuncija monsinjor Orlanda Antoninija, kao i direktorka Italijanskog kulturnog centra i regionalni koordinator Sira Miori, neki \u010dlanovi Vlade Srbije i Predsedni\u0161tva Republike Srbije.<BR>\u00a0\u00a0\u00a0 Po\u010dasni gosti su bili u\u010denici \u010detvrte godine dvojezi\u010dne nastave na\u00a0 italijanskom jeziku Tre\u0107e beogradske gimnazije. <EM>\u201eProslava Dana Evrope u Beogradu ima poseban zna\u010daj u godini u kojoj je Srbija zapo\u010dela svoj put pridru\u017eivanja\u201c, <\/EM>izjavio je italijanski <STRONG>ambasador u Beogradu \u0110uzepe Manco<\/STRONG>. \u201e<EM>Italija je oduvek pru\u017eala podr\u0161ku na tom putu i \u010dinilo nam se ispravnim da taj put obele\u017eimo koncertom velikana italijanske opere\u201c.<\/EM>\u00a0 Anika Skovran, biv\u0161i ambasador Jugoslavije pri Unesku, ozna\u010dila je koncert \u201ekao va\u017ean doga\u0111aj u ovom istorijskom trenutku koji \u0107e Srbija pamtiti i na kome zahvaljujemo Italiji\u201c. <BR>\u00a0\u00a0\u00a0 Doga\u0111aj je i od strane srpskih zvani\u010dnika okarakterisan kao veoma va\u017ean i \u201eistorijski\u201c a velika zahvalnost je javno iskazana Italijanskom institutu za kulturu i direktorki Siri Miori. <BR><BR><BR><A href=\"http:\/\/www.iicbelgrado.esteri.it\/IIC_Belgrado\/webform\/SchedaEvento.aspx?id=889&#038;citta=Belgrado\">http:\/\/www.iicbelgrado.esteri.it\/IIC_Belgrado\/webform\/SchedaEvento.aspx?id=889&#038;citta=Belgrado<\/A><\/P><\/p>\n","protected":false},"excerpt":{"rendered":"\u00a0\u00a0 \u041f\u043e\u0432\u043e\u0434\u043e\u043c \u0414\u0430\u043d\u0430 \u0415\u0432\u0440\u043e\u043f\u0441\u043a\u0435 \u0443\u043d\u0438\u0458\u0435,\u00a0 \u0443 \u0441\u0443\u0431\u043e\u0442\u0443 10. \u043c\u0430\u0458\u0430 \u043d\u0430 \u0412\u0435\u043b\u0438\u043a\u043e\u0458 \u0441\u0446\u0435\u043d\u0438 \u043e\u0434\u0440\u0436\u0430\u043d\u043e \u0458\u0435 Lancia \u2013 \u0432\u0435\u0447\u0435 \u0438\u0442\u0430\u043b\u0438\u0458\u0430\u043d\u0441\u043a\u0438\u0445 \u0430\u0440\u0438\u0458\u0430\u00a0 \u043f\u043e\u0434 \u043d\u0430\u0437\u0438\u0432\u043e\u043c &#8222;\u041e\u0434 \u0420\u043e\u0441\u0438\u043d\u0438\u0458\u0430 \u0434\u043e \u041c\u0430\u0441\u043a\u0430\u043d\u0438\u0458\u0430&#8220;, \u0443 \u0440\u0435\u0436\u0438\u0458\u0438 \u0418\u0432\u0430\u043d\u0435 \u0414\u0440\u0430\u0433\u0443\u0442\u0438\u043d\u043e\u0432\u0438\u045b \u041c\u0430\u0440\u0438\u0447\u0438\u045b.\u00a0\u00a0 \u041f\u043e\u0434 \u0434\u0438\u0440\u0438\u0433\u0435\u043d\u0442\u0441\u043a\u043e\u043c \u0443\u043f\u0440\u0430\u0432\u043e\u043c \u0433\u043e\u0441\u0442\u0430 \u0438\u0437 \u0418\u0442\u0430\u043b\u0438\u0458\u0435 \u0402\u0430\u043d\u043f\u0430\u043e\u043b\u0430 \u041c\u0430\u0446\u043e\u043b\u0438\u0458\u0430, \u043d\u0430\u0441\u0442\u0443\u043f\u0438\u043b\u0435 \u0441\u0443 \u043f\u0440\u0438\u043c\u0430\u0434\u043e\u043d\u0435 \u0408\u0430\u0434\u0440\u0430\u043d\u043a\u0430 \u0408\u043e\u0432\u0430\u043d\u043e\u0432\u0438\u045b, \u0421\u0443\u0437\u0430\u043d\u0430 \u0428\u0443\u0432\u0430\u043a\u043e\u0432\u0438\u045b \u0421\u0430\u0432\u0438\u045b \u0438 \u0408\u0430\u0441\u043c\u0438\u043d\u0430 \u0422\u0440\u0443\u043c\u0431\u0435\u0442\u0430\u0448 \u041f\u0435\u0442\u0440\u043e\u0432\u0438\u045b, \u043f\u0440\u0432\u0430\u043a \u041e\u043f\u0435\u0440\u0435 \u041d\u0435\u043d\u0430\u0434 \u0408\u0430\u043a\u043e\u0432\u0459\u0435\u0432\u0438\u045b \u0438 [&hellip;]","protected":false},"author":1,"featured_media":0,"comment_status":"","ping_status":"","sticky":false,"template":"","format":"standard","meta":{"footnotes":""},"tags":[],"class_list":["post-8011","post","type-post","status-publish","format-standard","hentry"],"_links":{"self":[{"href":"https:\/\/ambbelgrado.esteri.it\/sr\/wp-json\/wp\/v2\/posts\/8011","targetHints":{"allow":["GET"]}}],"collection":[{"href":"https:\/\/ambbelgrado.esteri.it\/sr\/wp-json\/wp\/v2\/posts"}],"about":[{"href":"https:\/\/ambbelgrado.esteri.it\/sr\/wp-json\/wp\/v2\/types\/post"}],"author":[{"embeddable":true,"href":"https:\/\/ambbelgrado.esteri.it\/sr\/wp-json\/wp\/v2\/users\/1"}],"replies":[{"embeddable":true,"href":"https:\/\/ambbelgrado.esteri.it\/sr\/wp-json\/wp\/v2\/comments?post=8011"}],"version-history":[{"count":0,"href":"https:\/\/ambbelgrado.esteri.it\/sr\/wp-json\/wp\/v2\/posts\/8011\/revisions"}],"wp:attachment":[{"href":"https:\/\/ambbelgrado.esteri.it\/sr\/wp-json\/wp\/v2\/media?parent=8011"}],"wp:term":[{"taxonomy":"post_tag","embeddable":true,"href":"https:\/\/ambbelgrado.esteri.it\/sr\/wp-json\/wp\/v2\/tags?post=8011"}],"curies":[{"name":"wp","href":"https:\/\/api.w.org\/{rel}","templated":true}]}}