{"id":8000,"date":"2014-05-14T14:28:31","date_gmt":"2014-05-14T12:28:31","guid":{"rendered":"https:\/\/ambbelgrado.esteri.it\/news\/dall_ambasciata\/2014\/05\/nuovo-termine-concorso-logo-2\/"},"modified":"2014-05-14T14:28:31","modified_gmt":"2014-05-14T12:28:31","slug":"nuovo-termine-concorso-logo-2","status":"publish","type":"post","link":"https:\/\/ambbelgrado.esteri.it\/sr\/news\/dall_ambasciata\/2014\/05\/nuovo-termine-concorso-logo-2\/","title":{"rendered":"NOVI ROK ZA DOSTAVLJANJE PREDLOGA NA KONKURS ZA NOVI ZA\u0160TITNI ZNAK AMBASADE ITALIJE U BEOGRADU"},"content":{"rendered":"<p><P>Ambasada Italije u Beogradu saop\u0161tava, u vezi sa konkursom raspisanim za izradu novog za\u0161titnog znaka ambasade, da je rok za dostavljanje re\u0161enja pomeren na <STRONG>26. maj 2014. godine<\/STRONG> (uzima\u0107e se u obzir radovi predati do 13.00 \u010dasova). Podse\u0107amo da je cilj konkursa grafi\u010dko re\u0161enje novog za\u0161titnog znaka \u2013 logotipa ambasade. Konkurs je namenjen mladim gra\u0111anima Srbije, studentima, umetnicima i dizajnerima do 26 godina starosti, koji su pozvani da uzmu u\u010de\u0161\u0107e na konkursu. Za prvoplasiranog u\u010desnika predvi\u0111ena je nagrada od 1000 evra. Za dodatne pojedinosti mo\u017eete videti tekst konkursa objavljen na po\u010detnoj stranici Ambasade Italije u Beogradu:<\/P><P><A href=\"rver\/Channels\/Ambasciata_Belgrado\/2014-04-16 AMBASADA ITALIJE KONKURS - RASPIS.html\">\/Ambasciata_Belgrado\/2014-04-16+AMBASADA+ITALIJE+KONKURS+-+RASPIS.htm<\/A><BR><\/P><\/p>\n","protected":false},"excerpt":{"rendered":"Ambasada Italije u Beogradu saop\u0161tava, u vezi sa konkursom raspisanim za izradu novog za\u0161titnog znaka ambasade, da je rok za dostavljanje re\u0161enja pomeren na 26. maj 2014. godine (uzima\u0107e se u obzir radovi predati do 13.00 \u010dasova). Podse\u0107amo da je cilj konkursa grafi\u010dko re\u0161enje novog za\u0161titnog znaka \u2013 logotipa ambasade. Konkurs je namenjen mladim gra\u0111anima [&hellip;]","protected":false},"author":1,"featured_media":0,"comment_status":"","ping_status":"","sticky":false,"template":"","format":"standard","meta":{"footnotes":""},"tags":[],"class_list":["post-8000","post","type-post","status-publish","format-standard","hentry"],"_links":{"self":[{"href":"https:\/\/ambbelgrado.esteri.it\/sr\/wp-json\/wp\/v2\/posts\/8000","targetHints":{"allow":["GET"]}}],"collection":[{"href":"https:\/\/ambbelgrado.esteri.it\/sr\/wp-json\/wp\/v2\/posts"}],"about":[{"href":"https:\/\/ambbelgrado.esteri.it\/sr\/wp-json\/wp\/v2\/types\/post"}],"author":[{"embeddable":true,"href":"https:\/\/ambbelgrado.esteri.it\/sr\/wp-json\/wp\/v2\/users\/1"}],"replies":[{"embeddable":true,"href":"https:\/\/ambbelgrado.esteri.it\/sr\/wp-json\/wp\/v2\/comments?post=8000"}],"version-history":[{"count":0,"href":"https:\/\/ambbelgrado.esteri.it\/sr\/wp-json\/wp\/v2\/posts\/8000\/revisions"}],"wp:attachment":[{"href":"https:\/\/ambbelgrado.esteri.it\/sr\/wp-json\/wp\/v2\/media?parent=8000"}],"wp:term":[{"taxonomy":"post_tag","embeddable":true,"href":"https:\/\/ambbelgrado.esteri.it\/sr\/wp-json\/wp\/v2\/tags?post=8000"}],"curies":[{"name":"wp","href":"https:\/\/api.w.org\/{rel}","templated":true}]}}