{"id":7996,"date":"2014-05-15T09:00:55","date_gmt":"2014-05-15T07:00:55","guid":{"rendered":"https:\/\/ambbelgrado.esteri.it\/news\/dall_ambasciata\/2014\/05\/celebrazione-153-esercito-2\/"},"modified":"2014-05-15T09:00:55","modified_gmt":"2014-05-15T07:00:55","slug":"celebrazione-153-esercito-2","status":"publish","type":"post","link":"https:\/\/ambbelgrado.esteri.it\/sr\/news\/dall_ambasciata\/2014\/05\/celebrazione-153-esercito-2\/","title":{"rendered":"Obele\u017eavanje 153\u00b0 godi\u0161njice od osnivanja Italijanske vojske"},"content":{"rendered":"<p><P><IMG style=\"WIDTH: 243px; HEIGHT: 136px\" border=\"0\" alt=\"Italijansko vojno groblju u Beogradu\" src=\"\/resource\/2014\/05\/sito02153EI1.JPG\" width=\"245\" height=\"183\"><\/P><P><IMG style=\"WIDTH: 243px; HEIGHT: 132px\" border=\"0\" alt=\"Italijansko vojno groblje u Beogradu\" src=\"\/resource\/2014\/05\/sito03153EI1.JPG\" width=\"252\" height=\"168\"><\/P><br \/>\n<P><IMG style=\"WIDTH: 247px; HEIGHT: 133px\" border=\"0\" alt=\"Italijansko vojno groblje u Beogradu\" src=\"\/resource\/2014\/05\/sito04153EI1.JPG\" width=\"256\" height=\"176\"><\/P><br \/>\n<P><BR>Povodom 153\u00b0 godi\u0161njice od osnivanja Italijanske vojske, 6. maja ambasador Italije u Srbiji, \u0110uzepe Manco i Izaslanik odbrane Republike Italije pukovnik Paolo Papalardo, odali su po\u010dast palim vojnicima i polo\u017eili su venac na italijanskom vojnom groblju u Beogradu.<BR>Ceremoniji su prisustvovali i \u010dlanovi italijanske ambasade, predstavnici NATO-a kao i predstavnici Vojske Republike Srbije. <BR>Po zavr\u0161etku, vojni ata\u0161e je tim povodom uprili\u010dio\u00a0koktel u prostorijama vojnog odeljenja ambasade Italije. <\/P><br \/>\n<P>\u00a0<\/P><\/p>\n","protected":false},"excerpt":{"rendered":"Povodom 153\u00b0 godi\u0161njice od osnivanja Italijanske vojske, 6. maja ambasador Italije u Srbiji, \u0110uzepe Manco i Izaslanik odbrane Republike Italije pukovnik Paolo Papalardo, odali su po\u010dast palim vojnicima i polo\u017eili su venac na italijanskom vojnom groblju u Beogradu.Ceremoniji su prisustvovali i \u010dlanovi italijanske ambasade, predstavnici NATO-a kao i predstavnici Vojske Republike Srbije. Po zavr\u0161etku, vojni [&hellip;]","protected":false},"author":1,"featured_media":0,"comment_status":"","ping_status":"","sticky":false,"template":"","format":"standard","meta":{"footnotes":""},"tags":[],"class_list":["post-7996","post","type-post","status-publish","format-standard","hentry"],"_links":{"self":[{"href":"https:\/\/ambbelgrado.esteri.it\/sr\/wp-json\/wp\/v2\/posts\/7996","targetHints":{"allow":["GET"]}}],"collection":[{"href":"https:\/\/ambbelgrado.esteri.it\/sr\/wp-json\/wp\/v2\/posts"}],"about":[{"href":"https:\/\/ambbelgrado.esteri.it\/sr\/wp-json\/wp\/v2\/types\/post"}],"author":[{"embeddable":true,"href":"https:\/\/ambbelgrado.esteri.it\/sr\/wp-json\/wp\/v2\/users\/1"}],"replies":[{"embeddable":true,"href":"https:\/\/ambbelgrado.esteri.it\/sr\/wp-json\/wp\/v2\/comments?post=7996"}],"version-history":[{"count":0,"href":"https:\/\/ambbelgrado.esteri.it\/sr\/wp-json\/wp\/v2\/posts\/7996\/revisions"}],"wp:attachment":[{"href":"https:\/\/ambbelgrado.esteri.it\/sr\/wp-json\/wp\/v2\/media?parent=7996"}],"wp:term":[{"taxonomy":"post_tag","embeddable":true,"href":"https:\/\/ambbelgrado.esteri.it\/sr\/wp-json\/wp\/v2\/tags?post=7996"}],"curies":[{"name":"wp","href":"https:\/\/api.w.org\/{rel}","templated":true}]}}