{"id":7979,"date":"2014-05-19T09:11:11","date_gmt":"2014-05-19T07:11:11","guid":{"rendered":"https:\/\/ambbelgrado.esteri.it\/news\/dall_ambasciata\/2014\/05\/emergenza-alluvioni-2\/"},"modified":"2014-05-19T09:11:11","modified_gmt":"2014-05-19T07:11:11","slug":"emergenza-alluvioni-2","status":"publish","type":"post","link":"https:\/\/ambbelgrado.esteri.it\/sr\/news\/dall_ambasciata\/2014\/05\/emergenza-alluvioni-2\/","title":{"rendered":"POPLAVE U SRBIJI\u00a0\u2013 POMO\u0106 ITALIJE"},"content":{"rendered":"<p><STRONG><P><br \/>\n<TABLE border=\"1\" cellSpacing=\"2\" cellPadding=\"1\"><br \/>\n<TBODY><br \/>\n<TR><br \/>\n<TD><IMG style=\"WIDTH: 271px; HEIGHT: 169px\" border=\"0\" alt=\"Ambasador Manco uru\u010duje pomo\u0107 slu\u017ebenika Ambasade Italije\" src=\"\/resource\/2014\/05\/sito03.jpg\" width=\"344\" height=\"217\"><\/TD><br \/>\n<TD><IMG style=\"WIDTH: 264px; HEIGHT: 167px\" border=\"0\" alt=\"Pomo\u0107 zaposlenih italijanske ambasade pogo\u0111enima elementarnim nepogodama\" src=\"\/resource\/2014\/05\/sito05.JPG\" width=\"272\" height=\"209\"><\/TD><\/TR><br \/>\n<TR><br \/>\n<TD><IMG style=\"WIDTH: 275px; HEIGHT: 174px\" border=\"0\" alt=\"Pomoc Italije Srbiji\" src=\"\/resource\/2014\/05\/Fotoaiutodafacebook.jpg\" width=\"275\" height=\"216\"><\/TD><br \/>\n<TD><IMG style=\"WIDTH: 264px; HEIGHT: 174px\" border=\"0\" alt=\"Aiuti Italia\" src=\"\/resource\/2014\/05\/B92AiutiItalia04.jpg\" width=\"637\" height=\"343\"><\/TD><\/TR><\/TBODY><\/TABLE><\/P><br \/>\n<P><IMG style=\"WIDTH: 276px; HEIGHT: 174px\" border=\"0\" alt=\"Ambasador Manco na donatorskoj konferenciji\" src=\"\/resource\/2014\/05\/sitoManzoallaConfdonatori22515.jpg\" width=\"287\" height=\"198\"><\/P><\/STRONG><br \/>\n<H2><U>DONATORSKA KONFERENCIJA<BR><\/U><BR><A href=\"asciata_Belgrado\/Archivio_News\/Conferenza donatori.html\"><EM>\/Ambasciata_Belgrado\/Archivio_News\/Conferenza+donatori.htm<\/EM><\/A><BR><BR><BR><U>DONACIJE<\/U><\/H2><br \/>\n<P align=\"left\"><STRONG>Kako izvr\u0161iti donacije za saniranje velike \u0161tete izazvane poplavama u Srbiji:<\/STRONG><\/P><br \/>\n<P align=\"left\">PayPal pla\u0107anje: <BR><A href=\"http:\/\/www.floodrelief.gov.rs\/eng\/\">http:\/\/www.floodrelief.gov.rs\/eng\/<\/A><\/P><br \/>\n<P align=\"left\">Pla\u0107anje preko Ambasade Srbije u Rimu i drugi vidovi pomo\u0107i: <BR><A href=\"http:\/\/roma.mfa.gov.rs\/cir\/newstext.php?subaction=showfull&#038;id=1400490802&#038;ucat=106&#038;template=Frontpage3Cir&#038;#disqus_thread\">http:\/\/roma.mfa.gov.rs\/cir\/newstext.php?subaction=showfull&#038;id=1400490802&#038;ucat=106&#038;template=Frontpage3Cir&#038;#disqus_thread<\/A><\/P><br \/>\n<P align=\"left\">&#8211;<\/P><br \/>\n<H2 align=\"left\"><U>VESTI<\/U><\/H2><br \/>\n<P><STRONG><EM><U><BR>\u010cetvrtak 22. maj<\/U><\/EM><\/STRONG><\/P><br \/>\n<P><EM><U>Agencija ANSA:<\/U><\/EM><\/P><br \/>\n<P><STRONG>Poplave na Balkanu: Crveni krst Italije zapo\u010deo prikupljanje fondova<\/STRONG><BR>\u00a0<BR>(ANSA) &#8211; RIM, 22 MAJ \u2013 Crveni krst Italije zapo\u010deo je sakupljanje fondova u korist Crvenog krsta Srbije i Bosne i Hercegovine, koji se ve\u0107 deset suo\u010davaju sa vanrednim stanjem nastalim usled katastrofalnih poplava koje su pogodile Balkan, najgorih u poslednjih 120 godina. <BR><BR>Prema podacima Crvenog krsta Italije, preko 50 hiljada ljudi je evakuisano u Srbiji, Bosni i Hercegovini i Hrvatskoj; veoma su o\u0161te\u0107ene ku\u0107e, infrastruktura, putevi, mostovi, pruge, dok su mnoga poplavljena mesta jo\u0161 uvek nedostupna. Na hiljade klizi\u0161ta je pogor\u0161alo situaciju i onemogu\u0107ava pru\u017eanje pomo\u0107i; prime\u0107eno je i prisustvo mina zaostalih iz perioda sukoba izme\u0111u 1992-1995 godine, koje su pokrenute usred klizi\u0161ta i koje predstavljaju dodatnu opasnost za ugro\u017eeno stanovni\u0161tvo i za spasioce. <BR><BR>Samo u Bosni, podse\u0107a Crveni krst, milion ljudi je direktno ili indirektno pogo\u0111eno katastrofom. U Srbiji, hidroelektrana Obrenovac, jedna od najve\u0107ih u Evropi, koja se nalazi jugozapadno od Beograda, ve\u0107 sedam dana ne proizvodi elektri\u010dnu energiju. Zarad pomo\u0107i Crvenom krstu Srbije i Bosne i Hercegovine, koji danima, bez prestanka pru\u017eaju pomo\u0107 ugro\u017eenima u prihvatnim centrima, sa oko 4 hiljade operatera i dobrovoljaca, Crveni krst Italije je zapo\u010deo sa prikupljanjem fondova. Donaciju je mogu\u0107e izvr\u0161iti online preko sakta Crvenog krsta Italije <A href=\"http:\/\/www.cri.it\">www.cri.it<\/A> ili uplatom preko ra\u010duna.<BR><BR>&#8211;<BR><\/P><br \/>\n<P><STRONG><EM><U>Nedelja 18. maj i ponedeljak 19.maj<\/U><\/EM><\/STRONG><BR><BR><BR><A href=\"http:\/\/www.b92.net\/info\/vesti\/index.php?yyyy=2014&#038;mm=05&#038;dd=19&#038;nav_category=12&#038;nav_id=850089\">Ministar spoljnih poslova Da\u010di\u0107 u Obrenovcu sa ambasadorima akreditovanim u Beogradu<\/A><\/P><br \/>\n<P><BR>Italija \u0161alje Srbiji slede\u0107u opremu za vanredne siuacije:<\/P><br \/>\n<P>\u00a0<STRONG>Opis\u00a0\u00a0\u00a0\u00a0\u00a0\u00a0\u00a0\u00a0\u00a0\u00a0\u00a0\u00a0\u00a0\u00a0\u00a0\u00a0\u00a0\u00a0\u00a0\u00a0\u00a0\u00a0\u00a0\u00a0\u00a0\u00a0\u00a0\u00a0\u00a0\u00a0\u00a0\u00a0\u00a0\u00a0\u00a0\u00a0\u00a0\u00a0\u00a0\u00a0\u00a0\u00a0\u00a0\u00a0 Koli\u010dina\u00a0\u00a0\u00a0\u00a0 Jedini\u010dna cena\u00a0\u00a0\u00a0\u00a0\u00a0 Ukupna vrednost<\/STRONG><BR>\u00a0Generator, dizel, snage 5 kVA\u00a0\u00a0\u00a0\u00a0\u00a0\u00a0\u00a0 \u00a05\u00a0\u00a0\u00a0\u00a0\u00a0\u00a0\u00a0\u00a0\u00a0\u00a0\u00a0\u00a0\u00a0 \u00a0 $ 5,348.62\u00a0\u00a0\u00a0\u00a0\u00a0\u00a0\u00a0\u00a0 \u00a0\u00a0\u00a0\u00a0\u00a0 $ 26,743.10<BR>\u00a0Generator, dizel, snage 10 kVA\u00a0\u00a0\u00a0\u00a0\u00a0\u00a0 18\u00a0\u00a0\u00a0\u00a0\u00a0\u00a0\u00a0\u00a0\u00a0\u00a0 \u00a0\u00a0 \u00a0$ 6,797.08\u00a0\u00a0\u00a0\u00a0\u00a0\u00a0\u00a0\u00a0\u00a0\u00a0\u00a0\u00a0 \u00a0 $ 122,347.44<BR>\u00a0\u010camac, pojas za spasavanje\u00a0\u00a0\u00a0\u00a0\u00a0\u00a0\u00a0\u00a0\u00a0\u00a0 6\u00a0\u00a0\u00a0\u00a0\u00a0\u00a0\u00a0\u00a0\u00a0\u00a0\u00a0\u00a0\u00a0 \u00a0 $ 15,885.71\u00a0\u00a0\u00a0\u00a0\u00a0\u00a0\u00a0\u00a0\u00a0\u00a0\u00a0 \u00a0 $ 111,199.97<\/P><br \/>\n<P><EM><STRONG>&#8211;<BR><BR><U>Subota, 17. maj<\/U><\/STRONG><U> <BR><\/U><\/EM><BR><BR>Italija je donirala 200.000 evra Crvenom krstu Srbije za nabavku neophodnih svari kao \u0161to su lekovi, \u0107ebad, \u010damci na naduvavanje, itd.<\/P><br \/>\n<P>Italija je donirala 4 \u010damca za spa\u0161avanje.<\/P><br \/>\n<P>Ambasada Italije se prik\u010dlju\u010duje humanitarnoj akciji u organizaciji B92 i donira vodu i hranu nabavljenju dobrovoljnim prilozima slu\u017ebenika Ambasade<STRONG>.<\/STRONG><\/P><br \/>\n<P><STRONG>&#8211;<BR><\/STRONG><STRONG><BR><\/STRONG><\/P><br \/>\n<P><U>SAOP\u0160TENJE AMBASADE ITALIJE U BEOGRADU<\/U><\/P><br \/>\n<P><STRONG>U Srbiji vanredno stanje. Iz Italije sti\u017ee jo\u0161 \u010damaca za spa\u0161avanje i generatora. Ministarka Mogerini, bliskost i konkretna solidarnost<\/STRONG><\/P><br \/>\n<P>Italija je poslala Srbiji jo\u0161 <STRONG>6 \u010damaca za spa\u0161avanje i 23 generatora ukupne vrednosti od 190.000 evra<\/STRONG>. U subotu je ve\u0107 dopremljeno 4 \u010damca za spa\u0161avanje i izdvojeno 190.000 evra humanitarne pomo\u0107i stanovni\u0161tvu Srbije ugro\u017eenom u poplavama koje su izazvane obilnim ki\u0161ama poslednjih dana u regionu. Pomo\u0107 je dopremljena preko logisti\u010dkog centra Ujedinjenih nacija u Brindiziju, dok \u0107e novac biti upla\u0107en na ra\u010dun Crvenog krsta Srbije, koji \u0107e potom nabaviti najneophodnije artikle za ugro\u017eene.\u00a0<BR><BR>Ministarka spoljnih poslova Italije <STRONG>Federika Mogerini<\/STRONG> izjavila je da \u201ciskreno saose\u0107a sa porodicama \u017ertava\u201d. \u201c\u0160aljemo na\u0161u konkretnu solidarnost ugro\u017eenom stanovni\u0161tvu\u201d, dodala je ona. <BR><BR>Proteklih dana i Ambasada Italije u Beogradu se pridru\u017eila humanitarnoj akciji koju je pokrenuo B92 i dostavila hranu i vodu koju su dobrovoljno prikupili slu\u017ebenici Ambasade.<\/P><br \/>\n<P>&#8211;<BR><BR><A href=\"http:\/\/www.politika.rs\/vesti\/najnovije-vesti\/Italija-salje-jos-camaca-i-generatore.sr.html\">Politika: Italija \u0161alje jo\u0161 \u010damaca i generatore<\/A><BR><BR><A href=\"http:\/\/www.rts.rs\/page\/stories\/ci\/story\/124\/%D0%94%D1%80%D1%83%D1%88%D1%82%D0%B2%D0%BE\/1601182\/%D0%9F%D0%BE%D0%BC%D0%BE%D1%9B+%D1%81%D1%82%D0%B8%D0%B6%D0%B5+%D1%81%D0%B0+%D1%81%D0%B2%D0%B8%D1%85+%D1%81%D1%82%D1%80%D0%B0%D0%BD%D0%B0.html\">RTS: Pomo\u0107 sti\u017ee sa svih strana<\/A><BR><BR><A href=\"http:\/\/www.b92.net\/info\/vesti\/index.php?yyyy=2014&#038;mm=05&#038;dd=17&#038;nav_category=12&#038;nav_id=849355\">B92: Manco, Italija je uz Srbiju<\/A><\/P><\/p>\n","protected":false},"excerpt":{"rendered":"DONATORSKA KONFERENCIJA\/Ambasciata_Belgrado\/Archivio_News\/Conferenza+donatori.htmDONACIJE Kako izvr\u0161iti donacije za saniranje velike \u0161tete izazvane poplavama u Srbiji: PayPal pla\u0107anje: http:\/\/www.floodrelief.gov.rs\/eng\/ Pla\u0107anje preko Ambasade Srbije u Rimu i drugi vidovi pomo\u0107i: http:\/\/roma.mfa.gov.rs\/cir\/newstext.php?subaction=showfull&#038;id=1400490802&#038;ucat=106&#038;template=Frontpage3Cir&#038;#disqus_thread &#8211; VESTI \u010cetvrtak 22. maj Agencija ANSA: Poplave na Balkanu: Crveni krst Italije zapo\u010deo prikupljanje fondova\u00a0(ANSA) &#8211; RIM, 22 MAJ \u2013 Crveni krst Italije zapo\u010deo je sakupljanje fondova [&hellip;]","protected":false},"author":1,"featured_media":0,"comment_status":"","ping_status":"","sticky":false,"template":"","format":"standard","meta":{"footnotes":""},"tags":[],"class_list":["post-7979","post","type-post","status-publish","format-standard","hentry"],"_links":{"self":[{"href":"https:\/\/ambbelgrado.esteri.it\/sr\/wp-json\/wp\/v2\/posts\/7979","targetHints":{"allow":["GET"]}}],"collection":[{"href":"https:\/\/ambbelgrado.esteri.it\/sr\/wp-json\/wp\/v2\/posts"}],"about":[{"href":"https:\/\/ambbelgrado.esteri.it\/sr\/wp-json\/wp\/v2\/types\/post"}],"author":[{"embeddable":true,"href":"https:\/\/ambbelgrado.esteri.it\/sr\/wp-json\/wp\/v2\/users\/1"}],"replies":[{"embeddable":true,"href":"https:\/\/ambbelgrado.esteri.it\/sr\/wp-json\/wp\/v2\/comments?post=7979"}],"version-history":[{"count":0,"href":"https:\/\/ambbelgrado.esteri.it\/sr\/wp-json\/wp\/v2\/posts\/7979\/revisions"}],"wp:attachment":[{"href":"https:\/\/ambbelgrado.esteri.it\/sr\/wp-json\/wp\/v2\/media?parent=7979"}],"wp:term":[{"taxonomy":"post_tag","embeddable":true,"href":"https:\/\/ambbelgrado.esteri.it\/sr\/wp-json\/wp\/v2\/tags?post=7979"}],"curies":[{"name":"wp","href":"https:\/\/api.w.org\/{rel}","templated":true}]}}