{"id":7966,"date":"2014-05-22T13:06:57","date_gmt":"2014-05-22T11:06:57","guid":{"rendered":"https:\/\/ambbelgrado.esteri.it\/news\/dall_ambasciata\/2014\/05\/conferenza-donatori-3\/"},"modified":"2014-05-22T13:06:57","modified_gmt":"2014-05-22T11:06:57","slug":"conferenza-donatori-3","status":"publish","type":"post","link":"https:\/\/ambbelgrado.esteri.it\/sr\/news\/dall_ambasciata\/2014\/05\/conferenza-donatori-3\/","title":{"rendered":"Koordinacioni sastanak medjunarodnih donatora posve\u0107en pru\u017eanju pomo\u0107i Srbiji u saniranju posledica poplava\r\n\u00a0"},"content":{"rendered":"<p><P><IMG style=\"WIDTH: 251px; HEIGHT: 168px\" border=\"0\" alt=\"foto Tanjug: Donatorska konferencija\" src=\"\/resource\/2014\/05\/sitoTanjugtavoloConf22515.jpg\" width=\"251\" height=\"191\"><\/P><br \/>\n<P><IMG style=\"WIDTH: 252px; HEIGHT: 160px\" border=\"0\" alt=\"foto Tanjug: Ambasador Manco na Donatorskoj konferenciji\" src=\"\/resource\/2014\/05\/sitoTanjugManzoConfDonatori22515.jpg\" width=\"256\" height=\"202\"><\/P><br \/>\n<P>Beograd &#8212; \u0160ef delegacije EU u Srbiji i ambasadori Nema\u010dke, SAD, Rusije i <STRONG>Italije<\/STRONG> danas su potvrdili da Srbija i dalje mo\u017ee ra\u010dunati na me\u0111unarodnu pomo\u0107.<BR>\u00a0<BR><STRONG>Ambasador Italije Djuzepe Manco podsetio je da \u0107e Italija od jula ove godine preuzeti \u0161estomese\u010dno predsedavanje EU i da \u0107e se zalagati za to da Srbija bude medju najvi\u0161im prioritetima u Briselu. <BR><BR><\/STRONG><STRONG>Manco je dodao da \u0107e biti osigurano da italijanske kompanije koje rade u Srbiji ostanu u Srbiji i da ih jo\u0161 vi\u0161e dodje u Srbiju. <\/STRONG><\/P><br \/>\n<P><STRONG>&#8222;Premijer Vu\u010di\u0107 je na sastanku naglasio zna\u010daj privrednog rasta koji je sada jo\u0161 zna\u010dajniji nego ranije. Ja sam siguran da \u0107e italijanske kompanije dolaziti i investirati i u budu\u0107nosti&#8220;, istakao je italijanski ambasador. <BR><\/STRONG><BR>\u0160ef delegacije EU u Srbiji Majkl Devenport naveo je da \u0107e u hitnoj fazi Vladi Srbije biti na raspolaganju sredstva iz predpristupnih fondova (IPA), a da \u0107e, kada se radi o dodatnim fondovima, u svrhu solidarnosti, Unija tretirati Srbiju kao da je ona ve\u0107 dr\u017eava \u010dlanica EU. &#8222;\u0160to se ti\u010de obima podr\u0161ke, on \u0107e zavisiti od procene potreba koja \u0107e biti sprovedena u narednih nekoliko nedelja&#8220;, rekao je Devenport. On je takodje izrazio impresioniranost nivoom saradnje i koordinacije medju dr\u017eavnim organima i rukovodstvom, kao i odgovorom organizacija civilnog dru\u0161tva i samih gradjana Srbije. <\/P><br \/>\n<P>Ambasador Nema\u010dke u Srbiji Hajnc Vilhelm naveo je da je potresen veli\u010dinom \u0161tete izazvane poplavama, ali i solidarno\u0161\u0107u pokazanom i na nacionalnom i na medjunarodnom nivou. Nema\u010dka je, po njegovim re\u010dima, kao i druge zemlje brzo reagovala i obezbedila tim od 35 stru\u010dnjaka sa visoko efikasnom opremom za ispumpavanje vode, koji rade u Kostolcu na za\u0161titi termoelektrane. Vilhelm je preneo spremnost Nema\u010dke da se uklju\u010di u dugoro\u010dne aktivnosti na obezbedjivanju pomo\u0107i, dodav\u0161i da je ve\u0107 obezbedjeno milion evra kratkoro\u010dno, kao hitna pomo\u0107. &#8222;Spremno o\u010dekujemo da dugoro\u010dno pomognemo i podr\u017eimo Srbiju. Po\u0161to smo najve\u0107i bilateralni donator Srbije, jasno je da \u0107emo pomagati Srbiji u narednim mesecima i godinama&#8220;, istakao je Vilhelm. On je podvukao da je nema\u010dki ministar spoljnih poslova ponudio pomo\u0107 ministru spoljnih poslova Srbije, a da \u0107e nema\u010dka kancelarka Angela Merkel u petak telefonom nazvati premijera Aleksandra Vu\u010di\u0107a kako bi videli \u0161ta Nema\u010dka mo\u017ee da u\u010dini tokom narednih meseci. <\/P><br \/>\n<P>Ambasador SAD u Srbiji Majkl Kirbi naveo je da \u0107e se u predstoje\u0107em periodu sa Vladom Srbije raditi na izradi razvojnih planova kako bi se iz sada\u0161nje prve faze neposredne pomo\u0107i pre\u0161lo u slede\u0107u fazu koja podrzumeva obezbedjivanje srednjoro\u010dne pomo\u0107i kako bi ljudi ponovo stali na noge. Potom bi se, po njegovim re\u010dima, pre\u0161lo u fazu dugoro\u010dne razvojne pomo\u0107i kako bi bilo vra\u0107eno dostojanstvo ljudima koji su pogodjenim poplavama. &#8222;Moja vlada i ameri\u010dke kompanije o\u010dekuju saradnju sa drugim vladama i drugim kompanijama i medjunarodnim organizacijama, kao i sa Vladom Srbije, kako bi pomogli u ovom procesu za koji \u0107e trebati vremena&#8220;, rekao je Kirbi. On je istakao da se pokazalo da postoji dobra volja medju gradjanima Srbije i u srpskoj vladi i da je on siguran da \u0107e biti uspeha. <\/P><br \/>\n<P>Ambasador Ruske Federacije Aleksandar \u010cepurin rekao je da \u0107e Rusija nastaviti da poma\u017ee Srbiji u saniranju \u0161tete nastale usled poplava, u skladu s preciznim podacima o konkretnim potrebama koje su premijer i ministri u Vladi Srbije naveli. \u010cepurin je podsetio da je Rusija jedna od prvih zemalja koja je Srbiji pritekla u pomo\u0107, poslav\u0161i u prvom naletu vremenske nepogode tim od 76 spasilaca u Obrenovac i druga ugro\u017eena podru\u010dja. Iz Rusije je, prema njegovim re\u010dima, poslato i 106 tona humanitarne pomo\u0107i i opreme za spasavanje ugro\u017eenih i za saniranje \u0161tete, kao i prehrambenih proizvoda i lekova. <\/P><br \/>\n<P>Konferencija za novinare na kojoj su se obratili ambasadori odr\u017eana je po zavr\u0161etku koordinacionog sastanka medjunarodnih donatora, posve\u0107enom pru\u017eanju pomo\u0107i Srbiji u saniranju posledica poplava.<\/P><br \/>\n<P>\u00a0<\/P><br \/>\n<P>\u00a0<\/P><\/p>\n","protected":false},"excerpt":{"rendered":"Beograd &#8212; \u0160ef delegacije EU u Srbiji i ambasadori Nema\u010dke, SAD, Rusije i Italije danas su potvrdili da Srbija i dalje mo\u017ee ra\u010dunati na me\u0111unarodnu pomo\u0107.\u00a0Ambasador Italije Djuzepe Manco podsetio je da \u0107e Italija od jula ove godine preuzeti \u0161estomese\u010dno predsedavanje EU i da \u0107e se zalagati za to da Srbija bude medju najvi\u0161im prioritetima [&hellip;]","protected":false},"author":1,"featured_media":0,"comment_status":"","ping_status":"","sticky":false,"template":"","format":"standard","meta":{"footnotes":""},"tags":[],"class_list":["post-7966","post","type-post","status-publish","format-standard","hentry"],"_links":{"self":[{"href":"https:\/\/ambbelgrado.esteri.it\/sr\/wp-json\/wp\/v2\/posts\/7966","targetHints":{"allow":["GET"]}}],"collection":[{"href":"https:\/\/ambbelgrado.esteri.it\/sr\/wp-json\/wp\/v2\/posts"}],"about":[{"href":"https:\/\/ambbelgrado.esteri.it\/sr\/wp-json\/wp\/v2\/types\/post"}],"author":[{"embeddable":true,"href":"https:\/\/ambbelgrado.esteri.it\/sr\/wp-json\/wp\/v2\/users\/1"}],"replies":[{"embeddable":true,"href":"https:\/\/ambbelgrado.esteri.it\/sr\/wp-json\/wp\/v2\/comments?post=7966"}],"version-history":[{"count":0,"href":"https:\/\/ambbelgrado.esteri.it\/sr\/wp-json\/wp\/v2\/posts\/7966\/revisions"}],"wp:attachment":[{"href":"https:\/\/ambbelgrado.esteri.it\/sr\/wp-json\/wp\/v2\/media?parent=7966"}],"wp:term":[{"taxonomy":"post_tag","embeddable":true,"href":"https:\/\/ambbelgrado.esteri.it\/sr\/wp-json\/wp\/v2\/tags?post=7966"}],"curies":[{"name":"wp","href":"https:\/\/api.w.org\/{rel}","templated":true}]}}