{"id":7960,"date":"2014-05-23T11:12:32","date_gmt":"2014-05-23T09:12:32","guid":{"rendered":"https:\/\/ambbelgrado.esteri.it\/news\/dall_ambasciata\/2014\/05\/fiera-novi-sad-2\/"},"modified":"2014-05-23T11:12:32","modified_gmt":"2014-05-23T09:12:32","slug":"fiera-novi-sad-2","status":"publish","type":"post","link":"https:\/\/ambbelgrado.esteri.it\/sr\/news\/dall_ambasciata\/2014\/05\/fiera-novi-sad-2\/","title":{"rendered":"Ambasador Manco na poljoprivrednom sajmu u Novom Sadu: Podr\u017eimo ekonomiju Srbije"},"content":{"rendered":"<p><P><IMG style=\"WIDTH: 287px; HEIGHT: 195px\" border=\"0\" alt=\"Ambasador Manco na Novosadskom sajmu \" src=\"\/resource\/2014\/05\/FieraNSsito0122514.jpg\" width=\"447\" height=\"209\"><\/P><P>Novi Sad, 22.05.2014<\/P><br \/>\n<P><STRONG>Pomo\u0107 Italije ne zavr\u0161ava se sa onom \u0161to je italijanska Vlada u\u010dinila do ovog trenutka ona \u0107e i dalje biti upu\u0107ivana na poplavom ugro\u017eena podru\u010dja poru\u010dio je na poljoprivrednom sajmu u Novom Sadu ambasador Italije u Srbiji \u0110uzepe Manco.<\/STRONG><\/P><br \/>\n<P>Nakon donatorske konferencije u Beogradu na kojoj je u\u010destvovao ambasador Italije u Beogradu \u0110uzepe Manco dosao je na poljoprivredni sajam u Novi Sad i iz paviljona u kojem kolektivno nastupa dvadeset italijanskih preduze\u0107a u ekskluzivnoj izjavi za vojvo\u0111anski dnevnik poru\u010dio.<BR><BR>Italija kao jedan od najzna\u010dajnihih ekonomskih partnera Srbije \u017eeli da po\u0161alje poruku iz Novog Sada i to u trenutku kada je poslovna aktivnost vi\u0161e nego potrebna , da je Srbija otvorena za poslovnu saradnju, te da preduze\u0107a kako iz Italije tako i iz \u010ditave Evropske Unije svojim investicijama i pokretnjem novih poslova treba da podr\u017ee ekonomiju va\u0161e zemlje. Ko ima strah da su privredne aktivnosti stale neka dodje na poljoprivredni sajam u Novi Sad i mo\u017ee da se uveri u suprotno. To potvr\u0111uju i itaijanski privrednici koji izla\u017eu na ovoj manifestaciji&#8220;, rekao je ambasador Manco.<BR><BR>Podsetimo, prijateljska Italija me\u0111u prvima je poslala pomo\u0107 u vidu \u010damaca za spasavanje i generatora za struju, italijanska Vlada je uplatila dvesta hiljada evra ugro\u017eenima, a pored toga privrednici iz te zemlje koji posluju u Srbiji prikupili su jos dodatnih \u010detiristo hiljada evra.<BR><BR>U humanitarnim aktivnostima u\u010destvovali su i zaposleni u italijanskoj ambasadi<\/P><br \/>\n<P>(vest Radio televizije Vojvodine)<BR><BR><A href=\"http:\/\/www.rtv.rs\/sr_lat\/vojvodina\/novi-sad\/manco-podrzimo-ekonomiju-srbije_488635.html\">http:\/\/www.rtv.rs\/sr_lat\/vojvodina\/novi-sad\/manco-podrzimo-ekonomiju-srbije_488635.html<\/A> <BR><BR><STRONG>&#8211;<BR><BR><U>Srpski le\u0161nici u italijanskoj &#8222;nuteli&#8220;<\/U><BR><\/STRONG><BR>(Press Novosadski sajam, 22.5.2014.)<BR><BR>\u010cim su Srbiju zadesile katastrofalne poplave, Italija je uputila pomo\u0107 od 200.000 evra, kao i generatore i \u010damce za spasavanje, a italijanski privrednici koji rade u Srbiji, svoju humanost pokazuju i dalje.<\/P><br \/>\n<P><STRONG>&#8211; Pored pomo\u0107i Vlade na\u0161e zemlje, italijanski privrednici koji rade u Srbiji prikupili su 400.000 evra i uz to su donirali lekove, ode\u0107u, krevete \u2013 rekao je ambasador Italije \u0110uzepe Manzo obilaze\u0107i 81. me\u0111unarodni poljoprivredni sajam, na kojem u Hali 11 izlaga\u010di iz Italije nastupaju kolektivno.<BR><\/STRONG><BR>U Italijanskom paviljonu predstavilo se 20 firmi koje se bave pravljenjem opreme za su\u0161are i silose, irigacionim sistemima, imaju <BR>sadnice vo\u0107a, sadnice za parkove i urbane sredine, kao i preduzetnici koji se bave \u017eivinarstvom, sto\u010darstvom i irigacionim sistemima. Ambadasor Manzo zadovoljan je na\u010dinom na koji su se na Sajmu predstavile italijanske firme.<BR><BR>&#8211; Prisutan je veliki broj italijanskih preduze\u0107a, koje su se predstavile na veoma ozbiljan na\u010din. Nema sektora u poljoprivredi koji nije zastupljen i u kojem ne mo\u017ee da se napravi saradnja Italije i Srbije. Posebno kada je re\u010d o poljoprivrednoj mehanizaciji i poljoprivredno\u2013prehrambenim ma\u0161inama. Bitan je i sektor uzgoja, a zna\u010dajno je napomenuti da su na\u0161e dr\u017eave potpisale esporazum o saradnje i da mi uvozimo le\u0161nike iz Srbije za proizvodnju \u010duvene \u201enutele\u201c \u2013 rekao je italijanski amabasador \u0110uzepe Manzo.<\/P><br \/>\n<P><A href=\"http:\/\/www.sajam.net\/live\/Vesti?contentId=34395\">http:\/\/www.sajam.net\/live\/Vesti?contentId=34395<\/A><BR><\/P><\/p>\n","protected":false},"excerpt":{"rendered":"Novi Sad, 22.05.2014 Pomo\u0107 Italije ne zavr\u0161ava se sa onom \u0161to je italijanska Vlada u\u010dinila do ovog trenutka ona \u0107e i dalje biti upu\u0107ivana na poplavom ugro\u017eena podru\u010dja poru\u010dio je na poljoprivrednom sajmu u Novom Sadu ambasador Italije u Srbiji \u0110uzepe Manco. Nakon donatorske konferencije u Beogradu na kojoj je u\u010destvovao ambasador Italije u Beogradu [&hellip;]","protected":false},"author":1,"featured_media":0,"comment_status":"","ping_status":"","sticky":false,"template":"","format":"standard","meta":{"footnotes":""},"tags":[],"class_list":["post-7960","post","type-post","status-publish","format-standard","hentry"],"_links":{"self":[{"href":"https:\/\/ambbelgrado.esteri.it\/sr\/wp-json\/wp\/v2\/posts\/7960","targetHints":{"allow":["GET"]}}],"collection":[{"href":"https:\/\/ambbelgrado.esteri.it\/sr\/wp-json\/wp\/v2\/posts"}],"about":[{"href":"https:\/\/ambbelgrado.esteri.it\/sr\/wp-json\/wp\/v2\/types\/post"}],"author":[{"embeddable":true,"href":"https:\/\/ambbelgrado.esteri.it\/sr\/wp-json\/wp\/v2\/users\/1"}],"replies":[{"embeddable":true,"href":"https:\/\/ambbelgrado.esteri.it\/sr\/wp-json\/wp\/v2\/comments?post=7960"}],"version-history":[{"count":0,"href":"https:\/\/ambbelgrado.esteri.it\/sr\/wp-json\/wp\/v2\/posts\/7960\/revisions"}],"wp:attachment":[{"href":"https:\/\/ambbelgrado.esteri.it\/sr\/wp-json\/wp\/v2\/media?parent=7960"}],"wp:term":[{"taxonomy":"post_tag","embeddable":true,"href":"https:\/\/ambbelgrado.esteri.it\/sr\/wp-json\/wp\/v2\/tags?post=7960"}],"curies":[{"name":"wp","href":"https:\/\/api.w.org\/{rel}","templated":true}]}}