{"id":7954,"date":"2014-05-30T10:28:19","date_gmt":"2014-05-30T08:28:19","guid":{"rendered":"https:\/\/ambbelgrado.esteri.it\/news\/dall_ambasciata\/2014\/05\/29maggio-2\/"},"modified":"2014-05-30T10:28:19","modified_gmt":"2014-05-30T08:28:19","slug":"29maggio-2","status":"publish","type":"post","link":"https:\/\/ambbelgrado.esteri.it\/sr\/news\/dall_ambasciata\/2014\/05\/29maggio-2\/","title":{"rendered":"Nacionalni pratnik Italije, 2. juna u Beogradu uz Expo2015, slow food i organsku poljoprivredu"},"content":{"rendered":"<p><P><BR><U><EM>Agencija ANSA<\/EM><\/U>: <BR><BR><STRONG>Expo \u2013 2. jun u Beogradu uz slow food i organsku poljoprivredu<\/STRONG><BR>\u00a0<BR>Organski povrtnjak koji je zasadio pokret Slowfood unutar ba\u0161te rezidencije diplomatskog predstavni\u0161tva i koji je sve\u010dano otvorila ministarka poljoprivrede Sne\u017eana Bogosavljevi\u0107 Bo\u0161kovi\u0107. Hrana i izlo\u017eba Expo Milano 2015 \u0107e i u Beogradu biti centralne teme proslave koju Ambasada Italije organizuje povodom 68. ro\u0111endana Republike Italije.<BR><BR>Uz video snimak i prezentaciju sajma Expo koji \u0107e se odr\u017eati u Milanu 2015. godine, preko 1500 zvanica na prijemu organizovanom povodom nacionalnog praznika prisustvova\u0107e sve\u010danom otvaranju organskog povrtnjaka koji je zasadio Slowfood u ba\u0161ti rezidencije ambasadora Italije u Beogradu.<BR><BR>Ova inicijativa se uklapa u aktivnosti koje promovi\u0161e Ministarstvo spoljnih poslova Italije imaju\u0107i u vidu Expo 2015, \u010dije su centralne teme upravo hrana i energija, a danas u Srbiji ona ima i dodatnu vrednost imaju\u0107i u vidu da je nakon nedavnih poplava poljoprivreda od prioritetne va\u017enosti i otvara mogu\u0107nosti ulaganja za mnoga italijanska preduze\u0107a. Upravo je u oblasti poljoprivrede Ferrero potpisao sa Vladom Srbije memorandum o razumevanju, u prisustvu generalnog sekretara Ministarstva spoljnih poslova Italije Mikelea Valensizea.<BR><BR>Srbija je ve\u0107 najavila svoje u\u010de\u0161\u0107e na Expo Milano 2015.<\/P><P><BR>\u00a0<\/P><\/p>\n","protected":false},"excerpt":{"rendered":"Agencija ANSA: Expo \u2013 2. jun u Beogradu uz slow food i organsku poljoprivredu\u00a0Organski povrtnjak koji je zasadio pokret Slowfood unutar ba\u0161te rezidencije diplomatskog predstavni\u0161tva i koji je sve\u010dano otvorila ministarka poljoprivrede Sne\u017eana Bogosavljevi\u0107 Bo\u0161kovi\u0107. Hrana i izlo\u017eba Expo Milano 2015 \u0107e i u Beogradu biti centralne teme proslave koju Ambasada Italije organizuje povodom 68. [&hellip;]","protected":false},"author":1,"featured_media":0,"comment_status":"","ping_status":"","sticky":false,"template":"","format":"standard","meta":{"footnotes":""},"tags":[],"class_list":["post-7954","post","type-post","status-publish","format-standard","hentry"],"_links":{"self":[{"href":"https:\/\/ambbelgrado.esteri.it\/sr\/wp-json\/wp\/v2\/posts\/7954","targetHints":{"allow":["GET"]}}],"collection":[{"href":"https:\/\/ambbelgrado.esteri.it\/sr\/wp-json\/wp\/v2\/posts"}],"about":[{"href":"https:\/\/ambbelgrado.esteri.it\/sr\/wp-json\/wp\/v2\/types\/post"}],"author":[{"embeddable":true,"href":"https:\/\/ambbelgrado.esteri.it\/sr\/wp-json\/wp\/v2\/users\/1"}],"replies":[{"embeddable":true,"href":"https:\/\/ambbelgrado.esteri.it\/sr\/wp-json\/wp\/v2\/comments?post=7954"}],"version-history":[{"count":0,"href":"https:\/\/ambbelgrado.esteri.it\/sr\/wp-json\/wp\/v2\/posts\/7954\/revisions"}],"wp:attachment":[{"href":"https:\/\/ambbelgrado.esteri.it\/sr\/wp-json\/wp\/v2\/media?parent=7954"}],"wp:term":[{"taxonomy":"post_tag","embeddable":true,"href":"https:\/\/ambbelgrado.esteri.it\/sr\/wp-json\/wp\/v2\/tags?post=7954"}],"curies":[{"name":"wp","href":"https:\/\/api.w.org\/{rel}","templated":true}]}}