{"id":7897,"date":"2014-06-17T11:53:51","date_gmt":"2014-06-17T09:53:51","guid":{"rendered":"https:\/\/ambbelgrado.esteri.it\/news\/dall_ambasciata\/2014\/06\/seminario-agricolo-ice-2\/"},"modified":"2014-06-17T11:53:51","modified_gmt":"2014-06-17T09:53:51","slug":"seminario-agricolo-ice-2","status":"publish","type":"post","link":"https:\/\/ambbelgrado.esteri.it\/sr\/news\/dall_ambasciata\/2014\/06\/seminario-agricolo-ice-2\/","title":{"rendered":"ICE &#8211; Danas po\u010dinje dvodnevni seminar iz oblasti poljoprivrednih tehnologija"},"content":{"rendered":"<p><EM><U>Agencija NOVA<\/U><\/EM>:<BR><BR>Beograd, 17 jun &#8211; (Nova) \u2013 Danas po\u010dinje dvodnevni seminar u Beogradu u organizaciji Agencije za promociju u inostranstvu i internacionalizaciju italijanskih preduze\u0107a (ICE). Radovi su usmereni na mogu\u0107nosti saradnje izme\u0111u italijanskih i srpskih preduze\u0107a u oblasti poljoprivrednih tehnologija i poljoprivredne proizvodnej u Srbiji. U saop\u0161tenju koje je izdala kancelarija ICE-a u Beogradu, navodi se da je seminar realizovan u saradnji sa italijanskim Ministarstvom privrednog razvoja i sa Ambasadom Italije u Beogradu. Doga\u0111aj predstavlja jo\u0161 jedan odziv Italije na poziv koji je Vlada Srbije uputila me\u0111unarodnim ekonomskim partnerima da ulo\u017ee dodatne napore za pro\u0161irenjem privredne saradnje kako bi se lak\u0161e re\u0161ila te\u0161ka ekonomska situacija izazvana poplavama u maju ove godine.<BR><BR>Inicijativa ICE-a okuplja, pored brojen delegacije italijanskih preduze\u0107a, i predstavnike mnogih srpski institucija koje imaju klju\u010dnu ulogu u poljoprivredi. ICE planira da narednih meseci realizuje u Srbiji i druge inicijative u oblasti energetike i poljoprivredno-prehrambene industrije sa ciljem da se oja\u010da ekonomska saradnja.<BR><\/p>\n","protected":false},"excerpt":{"rendered":"Agencija NOVA:Beograd, 17 jun &#8211; (Nova) \u2013 Danas po\u010dinje dvodnevni seminar u Beogradu u organizaciji Agencije za promociju u inostranstvu i internacionalizaciju italijanskih preduze\u0107a (ICE). Radovi su usmereni na mogu\u0107nosti saradnje izme\u0111u italijanskih i srpskih preduze\u0107a u oblasti poljoprivrednih tehnologija i poljoprivredne proizvodnej u Srbiji. U saop\u0161tenju koje je izdala kancelarija ICE-a u Beogradu, navodi [&hellip;]","protected":false},"author":1,"featured_media":0,"comment_status":"","ping_status":"","sticky":false,"template":"","format":"standard","meta":{"footnotes":""},"tags":[],"class_list":["post-7897","post","type-post","status-publish","format-standard","hentry"],"_links":{"self":[{"href":"https:\/\/ambbelgrado.esteri.it\/sr\/wp-json\/wp\/v2\/posts\/7897","targetHints":{"allow":["GET"]}}],"collection":[{"href":"https:\/\/ambbelgrado.esteri.it\/sr\/wp-json\/wp\/v2\/posts"}],"about":[{"href":"https:\/\/ambbelgrado.esteri.it\/sr\/wp-json\/wp\/v2\/types\/post"}],"author":[{"embeddable":true,"href":"https:\/\/ambbelgrado.esteri.it\/sr\/wp-json\/wp\/v2\/users\/1"}],"replies":[{"embeddable":true,"href":"https:\/\/ambbelgrado.esteri.it\/sr\/wp-json\/wp\/v2\/comments?post=7897"}],"version-history":[{"count":0,"href":"https:\/\/ambbelgrado.esteri.it\/sr\/wp-json\/wp\/v2\/posts\/7897\/revisions"}],"wp:attachment":[{"href":"https:\/\/ambbelgrado.esteri.it\/sr\/wp-json\/wp\/v2\/media?parent=7897"}],"wp:term":[{"taxonomy":"post_tag","embeddable":true,"href":"https:\/\/ambbelgrado.esteri.it\/sr\/wp-json\/wp\/v2\/tags?post=7897"}],"curies":[{"name":"wp","href":"https:\/\/api.w.org\/{rel}","templated":true}]}}