{"id":7863,"date":"2014-06-30T13:30:38","date_gmt":"2014-06-30T11:30:38","guid":{"rendered":"https:\/\/ambbelgrado.esteri.it\/news\/dall_ambasciata\/2014\/06\/ferrero-2\/"},"modified":"2014-06-30T13:30:38","modified_gmt":"2014-06-30T11:30:38","slug":"ferrero-2","status":"publish","type":"post","link":"https:\/\/ambbelgrado.esteri.it\/sr\/news\/dall_ambasciata\/2014\/06\/ferrero-2\/","title":{"rendered":"Grupa Ferero predstavila u Ambasadi Italije u Beogradu Izve\u0161taj o dru\u0161tveno odgovornom poslovanju"},"content":{"rendered":"<p><P><U><EM><IMG style=\"HEIGHT: 223px; WIDTH: 351px\" border=\"0\" alt=\"Amb.Manco sa delegacijom Ferera kod premijera Vu\u010di\u0107a. Foto R.Prelic, Tanjug\" src=\"\/resource\/2014\/07\/2014_06_27DelegazioneFerreroconVucicFotoRPrelicTan.jpg\" width=\"360\" height=\"227\"><\/EM><\/U><\/P><P><U><EM><IMG style=\"HEIGHT: 226px; WIDTH: 353px\" border=\"0\" alt=\"Prezentacija Ferero grupe\" src=\"\/resource\/2014\/07\/Ferrero2.jpg\" width=\"360\" height=\"239\"><\/EM><\/U><\/P><br \/>\n<P><IMG style=\"HEIGHT: 235px; WIDTH: 356px\" border=\"0\" alt=\"Ambasador Fran\u010desko Paolo Ful\u0107i\" src=\"\/resource\/2014\/07\/Ferrero4.jpg\" width=\"360\" height=\"239\"><\/P><br \/>\n<P><U><EM>Agencija TANJUG<\/EM><\/U><STRONG>:<\/STRONG><\/P><br \/>\n<P><STRONG>Ferero od septembra planira realizaciju investicije u Srbiji<\/STRONG><\/P><br \/>\n<P>BEOGRAD &#8211; Predstavnici kompanije Ferero, najpoznatijeg italijanskog proizvo\u0111a\u010da \u010dokolade i konditorskih proizvoda, predlo\u017eili su danas premijeru Aleksandru Vu\u010di\u0107u da realizacija investicije te kompanije u Srbiji po\u010dne u septembru, \u0161to je predsednik Vlade podr\u017eao. <BR><BR>Predsednik Vlade Srbije razgovarao je danas sa predstavnicima kompanije Ferero o realizaciji potpisanog Memoranduma o razumevanju koji su Vlada Srbije i kompanija Ferero potpisali u februaru ove godine, saop\u0161tila je Kancelarija Vlade za saradnju sa medijima. <BR><BR>Memorandumom je predvi\u0111eno da kompanija Ferero pokrene Centar za proizvodnju le\u0161nika, a u toku su intenzivni razgovori o realizaciji ovog projekta. <BR><BR>Kompanija Ferero je najpoznatiji italijanski proizvo\u0111a\u010d \u010dokolade i konditorskih proizvoda, ujedno i vode\u0107a kompanija iz ovog sektora u svetu. Ferero Grupu \u010dine 73 kompanije sa 20 proizvodnih pogona i zapo\u0161ljavaju vi\u0161e od 30.000 radnika. <BR><BR>Memorandumom je predvi\u0111eno uspostavljanje Centra za proizvodnju le\u0161nika na 1.000 hektara, a kompanija Ferero osim zasnivanja sopstvene proizvodnje le\u0161nika u Srbiji, planira i uspostavljanje kooperantskih odnosa sa individualnim poljoprivrednim proizvo\u0111a\u010dima na teritoriji centralne i ju\u017ene Srbije.<\/P><br \/>\n<P>&#8211;<\/P><br \/>\n<P><EM><U>Agencija ANSAmed<\/U><\/EM>:<\/P><br \/>\n<P><STRONG>Ferero potvr\u0111uje da je zainteresovan za ulaganje u proizvodnju le\u0161nika &#8211; Ful\u0107i u Beogradu predstavlja Izve\u0161taj o dru\u0161tveno odgovornom poslovanju<\/STRONG> <\/P><br \/>\n<P>(ANSAmed) &#8211; BEOGRAD, 27 jun \u2013 Predsednik kompanije Ferero S.p.S. i potpredsednik Ferrero International, Fran\u010desko Paolo Ful\u0107i, potvrdio je \u010dvrstu zainteresovanost Grupe Ferero da investira u proizvodnju le\u0161nika u Srbiji, na osnovu Memoranduma o razumevanju koji je potpisan pro\u0161log februara. On je danas ujedno predstavio \u010detvrti izve\u0161taj o dru\u0161tveno odgovornom poslovanju ove poznate italijanske firme. <BR><BR>Ferero, koji vu\u010de korene od male poslasti\u010darnice u Albi, danas zauzima \u010detvrto mesto u svetu u svojoj oblasti posle firmi Mars, Kraft i Nestle. To je porodi\u010dno preduze\u0107e koje nije kotirano na berzi i stoga nije podlo\u017eno poku\u0161ajima zlonamerne kupovine\u201c izjavio je ambasador Ful\u0107i predstavljaju\u0107i u Ambasadi Italije u Beogradu izve\u0161taj pod nazivom \u201eDeliti vrednosti da bi se vrednosti stvarale\u201c. <BR><BR>\u201eFerero, dodao je, je uvek obra\u0107ao pa\u017enju na potrebe radnika i podru\u010dja u kojima preduze\u0107e radi. Ne radi se samo o brojevima i o fakturisanom prihodu ve\u0107 pre svega o ljudina koji preduze\u0107e do\u017eivljavaju kao jednu veliku porodicu\u201c. <BR><BR>Po\u0161tovanje dru\u0161tvene etike, radnika i \u017eivotne sredine, zajedno sa borbom protiv korupcije, su principi koji su od po\u010detka inspirisali Grupu Ferero, rekao je Ful\u0107i, isti\u010du\u0107i da je u poslednjih deset godina fakturisani prihod Ferero Grupe porastao vi\u0161e nego duplo, sa 3,9 na 8 milijardi evra.\u00a0 <BR><BR>Ferero ima 21 postrojenje \u0161irom sveta a njegovi proizvodi su prisutni u 160 dr\u017eavi. Interesovanje za Srbiju ti\u010de se hiljade hektara zemlje u Srbiji gde bi moglo biti pokrenuto uzgajanje le\u0161nika od septembra. Tome se nada Ful\u0107i i o tome je danas pri\u010dao sa premijerom Srbije Aleksandrom Vu\u010di\u0107em, koji je sa tim saglasan. <BR><BR>Dogovor sa Vladom u Beogradu predvi\u0111a u isto vreme saradnju sa pojedina\u010dnim srpskim zemljoradnicima, po vrlo povoljnim uslovima. Zasadi le\u0161nika \u0107e biti poklonjeni kao i oprema za njihovo tretiranje. Pored toga, Ferero, od trenutka prve berbe (koji usledi obi\u010dno nakon \u010detiri do pet godina od sa\u0111enja) se obavezuje da otkupi \u010ditavu proizvodnju.<BR>\u00a0\u00a0\u00a0 <BR><\/P><br \/>\n<P>\u00a0<\/P><\/p>\n","protected":false},"excerpt":{"rendered":"Agencija TANJUG: Ferero od septembra planira realizaciju investicije u Srbiji BEOGRAD &#8211; Predstavnici kompanije Ferero, najpoznatijeg italijanskog proizvo\u0111a\u010da \u010dokolade i konditorskih proizvoda, predlo\u017eili su danas premijeru Aleksandru Vu\u010di\u0107u da realizacija investicije te kompanije u Srbiji po\u010dne u septembru, \u0161to je predsednik Vlade podr\u017eao. Predsednik Vlade Srbije razgovarao je danas sa predstavnicima kompanije Ferero o realizaciji [&hellip;]","protected":false},"author":1,"featured_media":0,"comment_status":"","ping_status":"","sticky":false,"template":"","format":"standard","meta":{"footnotes":""},"tags":[],"class_list":["post-7863","post","type-post","status-publish","format-standard","hentry"],"_links":{"self":[{"href":"https:\/\/ambbelgrado.esteri.it\/sr\/wp-json\/wp\/v2\/posts\/7863","targetHints":{"allow":["GET"]}}],"collection":[{"href":"https:\/\/ambbelgrado.esteri.it\/sr\/wp-json\/wp\/v2\/posts"}],"about":[{"href":"https:\/\/ambbelgrado.esteri.it\/sr\/wp-json\/wp\/v2\/types\/post"}],"author":[{"embeddable":true,"href":"https:\/\/ambbelgrado.esteri.it\/sr\/wp-json\/wp\/v2\/users\/1"}],"replies":[{"embeddable":true,"href":"https:\/\/ambbelgrado.esteri.it\/sr\/wp-json\/wp\/v2\/comments?post=7863"}],"version-history":[{"count":0,"href":"https:\/\/ambbelgrado.esteri.it\/sr\/wp-json\/wp\/v2\/posts\/7863\/revisions"}],"wp:attachment":[{"href":"https:\/\/ambbelgrado.esteri.it\/sr\/wp-json\/wp\/v2\/media?parent=7863"}],"wp:term":[{"taxonomy":"post_tag","embeddable":true,"href":"https:\/\/ambbelgrado.esteri.it\/sr\/wp-json\/wp\/v2\/tags?post=7863"}],"curies":[{"name":"wp","href":"https:\/\/api.w.org\/{rel}","templated":true}]}}