{"id":7840,"date":"2014-07-09T09:38:56","date_gmt":"2014-07-09T07:38:56","guid":{"rendered":"https:\/\/ambbelgrado.esteri.it\/news\/dall_ambasciata\/2014\/07\/serracchiani-visite-e-forum-2\/"},"modified":"2014-07-09T09:38:56","modified_gmt":"2014-07-09T07:38:56","slug":"serracchiani-visite-e-forum-2","status":"publish","type":"post","link":"https:\/\/ambbelgrado.esteri.it\/sr\/news\/dall_ambasciata\/2014\/07\/serracchiani-visite-e-forum-2\/","title":{"rendered":"Predsednica Regije Frijuli venecija \u0110ulija, Debora Serakjani, u dvodnevnoj poseti Beogradu. &#8222;Italija \u017eeli da pomogne evropski put Srbije&#8220;. Potpisana tri va\u017ena sporazuma o saradnji. U Pivrednoj komori Srbije odr\u017eana konferencija &#8222;Frijuli Venecija \u0110ulija u susret Srbiji &#8211; Mogu\u0107nosti za investicije i razvoj&#8220;"},"content":{"rendered":"<p>\u00a0\u00a0\u00a0\u00a0 <strong><a href=\"https:\/\/www.flickr.com\/photos\/belgrado_italianembassy\/\" id=\"FOTO GALERIJA\" name=\"FOTO GALERIJA\">FOTO GALERIJA<\/a><\/strong><\/p>\n<p>\u00a0\u00a0\u00a0\u00a0 <strong><a href=\"http:\/\/www.youtube.com\/user\/BelgradoAmbIta\" id=\"VIDEO GALERIJA\" name=\"VIDEO GALERIJA\">VIDEO GALERIJA<\/a><\/strong><\/p>\n<p>&#8211;<\/p>\n<p style=\"text-align: justify;\"><strong>TANJUG\u00a0&#8211; Italija u Srbiji ulo\u017eila 2 milijarde evra<\/strong><\/p>\n<p style=\"text-align: justify;\">BEOGRAD, <em><span style=\"text-decoration: underline;\">9. jul 2014<\/span><\/em>.\u00a0&#8211; Srbija je spremna da uspostavi jo\u0161 bli\u017eu i efikasniju saradnju sa Italijom, i to u svim sektorima &#8211; saobra\u0107aju, infrastrukturi, energetici i naro\u010dito u obnovljivim izvorima energije, izjavila je danas <strong>potpredsednik Vlade Srbije Zorana Mihajlovi\u0107<\/strong>. <\/p>\n<p>&#8222;Mi smo vrlo pripremljeni i \u017eeljni da zajedni\u010dki napravimo nove korake&#8220;, poru\u010dila je Mihajlovi\u0107 na poslovnoj <strong>konferenciji &#8222;Frijuli Venecija \u0110ulija u susret Srbiji &#8211; Mogu\u0107nosti za investicije i razvoj&#8220; u Privrednoj komori Srbije<\/strong>. <\/p>\n<p>Ona je podsetila da je Italija jedan od najzna\u010dajnijih partnera Srbije, ukazav\u0161i da je srpski izvoz u Italiju u prethodnih deset godina pove\u0107an pet puta, a uvoz dva puta. Mihajlovi\u0107 je istakla i da je poseta privredne delegacije Frijuli Venecija \u0110ulija veoma va\u017ena, budu\u0107i da je to jedna od najbogatijih i najzna\u010dajnijih italijanskih regija. Veliki broj kompanija iz te regije rade u Srbiji, navela je Mihajlovi\u0107, nagla\u0161avaju\u0107i da o\u010dekuje da u narednom periodu svako ministarstvo ima svoje kontakte i da se na taj na\u010din istinski radi na realizaciji projekata. Ona je izrazila nadu da ne\u0107e sve ostati samo na dana\u0161njoj konferenciji i istakla da u Srbiji ima dovoljno zakonskih procedura i svih akata koji omogu\u0107avaju realizaciju projekata. <\/p>\n<p><strong>Predsednik Privredne komore Srbije \u017deljko Serti\u0107<\/strong> tako\u0111e je naveo da je Italija prvorazredni partner srpske privrede.<br \/>&#8222;Robna razmena dve zemlje pro\u0161le godine vredela je bezmalo pet milijardi dolara, a uvoz je u potpunosti izbalansiran izvozom od 2,4 milijarde dolara\u201d, precizirao je Serti\u0107. Investicije Italije u srpsku privredu u protekloj deceniji dostigle su dve milijarde dolara, u Srbiji posluje oko 500 italijanskih firmi, koje zapo\u0161ljavaju vi\u0161e od 30.000 radnika i ostvaruju promet od oko 2,2 milijarde evra. <br \/>Saradnja dve privrede je izuzetna ali ima dosta prostora za unapre\u0111enje kroz zajedni\u010dka ulaganja i nastup na tre\u0107im tr\u017ei\u0161tima, rekao je Serti\u0107. On je najavio na jesen realizaciju nekoliko projekata sa italijanskim partnerima, me\u0111u kojima je najinteresantniji trilateralni susret Italija-Srbija-Rusija, podsetiv\u0161i i na razgovore u Moskvi o mogu\u0107nosti izvoza automobila Fijat 500 i na rusko tr\u017ei\u0161te. <\/p>\n<p><strong>Ambasador Italije u Srbiji \u0110uzepe Manco<\/strong> zahvalio je PKS i Vladi Srbije na ovoj inicijativi i dodao da je ovo konkretizacija navoda da Italija investira u budu\u0107nost Srbije. On tako\u0111e o\u010dekuje da \u0107e se danas italijanski i srspki privrednici jo\u0161 bolje upoznati sa potencijalima i dogovoriti konkretnu saradnju. Manco je kazao i da Srbija nakon katastrofalnih poplava ima potrebu da &#8222;izbalansira&#8220; privredu, \u0161to zahteva i strane investicije. <\/p>\n<p>Predsednica Regije Frijuli Venecija \u0110ulija Debora Serakjani slo\u017eila se da postoje velike mogu\u0107nosti za unapre\u0111enje saradnje u oblasti energetike, infrastrukture i nau\u010dno-tehnolo\u0161kih istra\u017eivanja.<\/p>\n<p style=\"text-align: justify;\">&#8211;<\/p>\n<p style=\"text-align: justify;\"><strong>B92 &#8211; Italija za br\u017ee pregovore Srbija-EU<\/strong><\/p>\n<p>Beograd &#8212; <strong>Italija \u0107e se zalagati za ubrzavanje pregovora Srbije o pristupanju EU,navodi se u agendi te zemlje predstavljenoj na po\u010detku \u0161estomese\u010dnog predsedavanja Uniji<\/strong>. <\/p>\n<p>Na sve\u010danosti u Beogradu, ambasador \u0110uzepe Manco rekao je za B92 da je namera Italije da Evropu dovede u Srbiju. <\/p>\n<p>Po\u010detak predsedavanja obele\u017een je potpisivanjem tri sporazuma o saradnji u oblasti saobra\u0107aja, biznisa i nauke izmedju Srbije i italijanske regije Frijulja Venecija \u0110ulija. <\/p>\n<p>\u0160est meseci italijanskog predsedavanja Evropskoj uniji obele\u017eice borba za izlazak iz krize i oporavak ekonomije i nastavak zalaganja za integraciju Srbije i ostalih zemalja zapadnog Balkana. U italijanskoj agendi za narednih \u0161est meseci, koju je ambasador Manco poklonio i na\u0161oj televiziji navodi se da je pro\u0161irenje strate\u0161ki prioritet neophodan za uspostavljanje mira, demokratije i bezbednosti u regionu. Italija \u0107e se zalagati za ubrzavanej pregovora o \u010dlanstvu sa Srbijom.\u00a0<\/p>\n<p>&#8222;Na\u0161 prioritet je ubrzavanje pregovora o \u010dlanstvu Srbije, to \u0107emo da uradimo tako \u0161to \u0107emo Evropu da dovedemo u Srbiju. Znate, nekada je region Frijulja Venecija \u0110ulija bila kapija ka Evropi za biv\u0161u Jugoslaviju. Danas taj region mo\u017ee biti ulazna kapija kojom \u0107e Evropa sti\u0107i u Srbiju. Italija \u0107e insistirati na ekonomskom rastu i rastu zaposlenosti \u0161to su i prioriteti Srbije naro\u010dito posle poplava ,&#8220; ka\u017ee ambasador Manco. <\/p>\n<p>Predsednica italijanske regije \u010diji je centar Venecija Debora Serakjani i ministarka saobra\u0107aja Zorana Mihajlovi\u0107 najavile su saradnju u oblasti saobra\u0107aja koja \u0107e omogu\u0107iti izgradnju i obnovu koridora i povezivanje regije Venecija \u0110ulija i Kragujevac, koje spaja zajedni\u010dka investicija u Fijat.\u00a0<\/p>\n<p>&#8222;Italija sada, budu\u0107i da u narednih \u0161est meseci predsedava EU, \u017eeli da pomogne Srbiji na njonom evropskom putu, kao i da pomogne Srbiji da zajedno sagradimo infrastrukutru koja \u0107e nas povezivati&#8220;, ka\u017ee Debora Serakjani.\u00a0<\/p>\n<p>Ministarka saobra\u0107aja, gra\u0111evine i infrastrukture Zorana Mihajlovi\u0107 ka\u017ee da \u0107e se sada krenuti na formiranje radne grupe i utvr\u0111ivanje ta\u010dno koridora koji treba da se gradi ili dogradi.\u00a0<\/p>\n<p>&#8222;Ono \u0161to je bitno jeste da postoji dobra volja sa obe strane i ovo je sada pitanje odnosa izme\u0111u kompanija, a ne izme\u0111u dve vlade, ve\u0107 komapnije koje realizuju ono \u0161to su se dogovorile. Trebalo bi sve da bude brzo realizovano, kad ka\u017eem brzo, putevi ne mogu da budu izgra\u0111eni za par meseci ali mogu za period od jedne do dve godine&#8220;, rekla je ona.\u00a0<\/p>\n<p>Po\u010detak italijnskog predsedavanja EU obele\u017eilo je i potpisivanje dva sporazuma koji \u0107e pospe\u0161iti saradnju u nau\u010dno-tehni\u010dkoj saradnji kao i trgovinsku saradnju.<\/p>\n<p style=\"text-align: justify;\">&#8211;<\/p>\n<p><strong>T<\/strong><strong>ANJUG &#8211; Serakjani: Italija \u017eeli da pomogne evropski put Srbije<\/strong>\u00a0<\/p>\n<p style=\"text-align: justify;\">BEOGRAD, <em><span style=\"text-decoration: underline;\">8. jul 2014<\/span><\/em>.\u00a0&#8211; <strong>Predsednica Skup\u0161tine Srbije Maja Gojkovi\u0107<\/strong> razgovarala je danas sa predsednicom italijanske regije Friuli Venecija \u0110ulija Deborom Serakjani, koja je naglasila da Italija tokom svog predsedavanja Evropskom unijom \u017eeli da pomogne evropski put Srbije. <\/p>\n<p>Gojkovi\u0107 je, kako se navodi u saop\u0161tenju iz kabineta predsednice parlamenta, istakla da je Srbija u potpunosti opredeljena za evropski put i ekonomske reforme, pre svega radi pobolj\u0161anja \u017eivotnog standarda gra\u0111ana. Ona je navela da je Skup\u0161tina Srbije i administrativno i politi\u010dki spremna za dono\u0161enje reformskih zakona kako bi pobolj\u0161ala stanje u ekonomiji, kao i za uskla\u0111ivanje zakonodavstva sa Evropskom unijom. Gojkovi\u0107 je zahvalila na podr\u0161ci Italije \u010dlanstvu Srbije u EU kao i na stavu da se Unija nije umorila od pro\u0161irenja, isti\u010du\u0107i da je podr\u0161ka Srbiji ujedno i podr\u0161ka Zapadnom Balkanu. <\/p>\n<p>Serakjani je, kako se navodi, naglasila zna\u010daj uloge parlamenta u pristupanju EU i navela da je regija, \u010dija je predsednica, zainteresovana za pro\u0161irenje ekonomske saradnje sa Srbijom.\u00a0U tom cilju \u0107e tokom njene posete biti potpisana tri sporazuma. <br \/>Serakjani je navela da postoji interes za dodatno investiranje u Srbiju i dodala da \u0107e se u okviru italijanskog predsedavanja EU raditi na unapre\u0111enju regionalne saradnje, \u0161to \u0107e omogu\u0107iti lak\u0161i pristup evropskim fondovima i kvalitetniju upotrebu sredstava iz tih fondova. Serakjani je predsednici Narodne skup\u0161tine uru\u010dila Program italijanskog predsedavanja EU.<\/p>\n<p style=\"text-align: justify;\">&#8211;<\/p>\n<p style=\"text-align: justify;\"><strong>TANJUG &#8211; Nikoli\u0107, Srbija povoljna za investicije <\/strong><\/p>\n<p style=\"text-align: justify;\">BEOGRAD, <em><span style=\"text-decoration: underline;\">8. jul 2014<\/span><\/em>.\u00a0&#8211; <strong>Predsednik Srbije Tomislav Nikoli\u0107<\/strong> istakao je danas u razgovoru sa <strong>predsednicom italijanske regije Frijuli Venecije \u0110ulije i regionalnim liderom vladaju\u0107e Demokratske partije Deborom Serakjani <\/strong>da su odnosi Srbije i Italije kroz istoriju intezivni i izrazio zadovljstvo visokim nivoom bilateralnih odnosa dve dr\u017eave. <\/p>\n<p>On je naglasio da je na\u0161 zadatak da u budu\u0107nosti jo\u0161 \u010dvr\u0161\u0107e u\u010dvrstimo na\u0161e odnose, pre svega na polju ekonomske saradnje. <br \/>\u201eReformama koje smo pokrenuli \u017eelimo da poka\u017eemo da je Srbija zemlja povoljna za investicije i siguran partner za plasman proizvoda na tre\u0107a tr\u017ei\u0161ta\u201c. <\/p>\n<p>Serkjani se saglasila sa predsednikom Nikoli\u0107em da postoje brojne mogu\u0107nosti za unapre\u0111enje saradnje izme\u0111u Italije i Srbije i naglasila da se njena Regija naro\u010dito interesuje za pro\u0161irenje saradnje u oblasti saobra\u0107aja, energetike kao i izme\u0111u nau\u010dno istra\u017eiva\u010dkih centara. Ona je tako\u0111e izrazila zadovoljstvo nivoom saradnje izme\u0111u Autonomne pokrajine Vojvodine i regije Frijuli Venecije \u0110ulije, i istakla nameru da se ta saradnja pro\u0161iri na celu Srbiju, saop\u0161tila je pres slu\u017eba predsednika Srbije. <\/p>\n<p>Predsednica regije Frijuli Venecije \u0110ulije istakla je da su za Italiju veze sa Srbijom vrlo va\u017ene i da \u0107e Italija za vreme predsedavanja Evropskom unijom nastojati da pribli\u017ei odnose izme\u0111u Evropske unije i Srbije. <\/p>\n<p>Predsednik Nikoli\u0107 zahvalio se Italiji na zna\u010dajnoj podr\u0161ci Srbiji na putu ka evrointegracijama.<\/p>\n<p style=\"text-align: justify;\">&#8211;<\/p>\n<p style=\"text-align: justify;\"><strong>TANJUG &#8211; Potpisana tri sporazuma o saradnji Srbije i Italije<\/strong><\/p>\n<p>BEOGRAD, <em><span style=\"text-decoration: underline;\">8. jul 2014.<\/span><\/em>\u00a0&#8211; U Rezidenciji Ambasade Italije u Beogradu danas su potpisana tri sporazuma o privrednoj i nau\u010dno-tehnolo\u0161koj saradnji Italije i Srbije.<\/p>\n<p><strong>Sporazum o trgovinskoj saradnji<\/strong> italijanskog udru\u017eenja industrijalaca &#8211; Finest i Privredne komore Srbije potpisali su u ime Finesta Mauro Del Savio, a u ime srpske komore predsednik \u017deljko Serti\u0107. <\/p>\n<p><strong>Sporazum o saradnji u oblasti saobra\u0107aja<\/strong> potpisao je predstavnik Konzorcijuma &#8222;Koridori Italija-Srbija&#8220; \u0110uzepe Bortolusi, direktor firme Srbijatransport a.d. Goran Aleksi\u0107 i direktor firme \u017delezni\u010dki integralni transport Beograd Svetozar Milanovi\u0107. <\/p>\n<p><strong>Sporazum o nau\u010dno-tehnolo\u0161koj saradnji<\/strong> dve zemlje potpisali su predsednik Area Science Parka Adrijano De Majo i dr\u017eavni sekretar srpskog Ministarstva prosvete Aleksandar Beli\u0107. <\/p>\n<p><strong>Potpredsednik Vlade Srbije Zorana Mihajlovi\u0107<\/strong> rekla je da je sporazum koji se odnosi na izgradnju saobra\u0107ajnih koridora izme\u0111u Italije i Srbije veoma zna\u010dajan, jer se gotovo tri godine dogovarao, napominju\u0107i da jo\u0161 ne postoji ta\u010dno utvr\u0111en rok za njegovu izgradnju. <\/p>\n<p>&#8222;Ali je \u010dinjenica da postoji dobra volja izme\u0111u obe strane, jer to nije vi\u0161e pitanje dve vlade, ve\u0107 su u pitanju kompanije koje su se dogovorile&#8220;, rekla je Mihajlovi\u0107 i dodala da su u pitanju i italijanske i srpske kompanije i da \u0107e izgradnja koridora biti realizovana brzo, \u0161to zna\u010di u roku od jedne do dve godine. Mihajlovi\u0107 je objasnila da se radi o izgradnji saobra\u0107ajnica koje nedostaju da bi se spojili Kragujevac sa regijom Frijuli Venecija \u0110ulija i lukom Pordenone. <\/p>\n<p>Predsednica italijanske regije Frijuli Venecija \u0110ulija Debora Serakjani ocenila je da su potpisani sporazumi veoma va\u017eni za za taj italijanski region i za sveukupne odnose Italije i Srbije, nagla\u0161avaju\u0107i da je Italija najzna\u010dajniji trgovinski partner Srbije. <br \/>\u00a0<br \/>Regija Frijuli Venecija \u0110ulija ima ulogu italijanskog sagovornika Srbije u tri veoma va\u017ene oblasti: u oblasti infrastrukture i saobra\u0107aja, zatim u oblasti nau\u010dno-tehnolo\u0161kih istra\u017eivanja i u trgovini, navela je Serakjani. <\/p>\n<p>Sporazumi u oblasti infrastrukture, odnosi se na izgradnju saobra\u0107ajnog koridora, koji treba da spoji regiju Frijuli Venecija \u0110ulija, pre svega italijansku luku Pordenone i Srbiju, odnosno Kragujevac gde se nalazi Fijatova fabrika automobila, objasnila je Serakjani.<br \/>&#8222;Italija sada, budu\u0107i da je zapo\u010dela \u0161estomese\u010dno predsedavanje EU, \u017eeli da pomogne Srbiji na njenom evropskom putu, ali tako\u0111e \u017eeli i da pomogne Srbiji da zajedno sagradimo infrastrukturu koja \u0107e nas povezivati&#8220;, kazala je Serakjani. <\/p>\n<p>Govore\u0107i o utiscima o dana\u0161njim sastancima u Beogardu, Serakjani je izrazila nadu da \u0107e dve zemlje mo\u0107i da i dalje rade na integracijama, kako u regionu, tako i u Evropi.<br \/>&#8222;Mislim da sada postoje uslovi da se dodatno oja\u010daju i poboljsasju odnosi koji su i ina\u010de dobri&#8220;, rekla je Serakjani i poru\u010dila da \u0107e italijanski investiortori nastaviti da ula\u017eu u Srbiju, jer na\u0161u zemlju smatraju veoma va\u017enom za stabilnost ovog dela Evrope. <\/p>\n<p>Ceremoniji potpisivanja sporazuma prisustvovao je i <strong>ambasador Italije u Beogradu \u0110uzepe Manco<\/strong>. <\/p>\n<p>U Rezidenciji Ambasade Italije odr\u017ean je i <strong>&#8222;Koncert za Evropu&#8220;,<\/strong> koju je izveo orkestar beograske Filharmonije, povodom po\u010detka italijanskog \u0161estomese\u010dnog predsedavanja EU. &#8222;Koncertu za Evropu&#8220; prisustvovali su ministar informisanja i kulture Ivan Tasovac, \u0161ef Delegacije EU u Beogradu Majkl Devenport, ambasador SAD Majkl Kirbi, kao i ambasadori Gr\u010dke, \u0160vedske, \u0160panije i drugih zemalja. Duva\u010di i guda\u010di Beogradske filharmonije izveli su dela znamenitih kompozitora Rosinija, Belinija, Tostija, Buzi-Pe\u0107a, Gastaldonija, Leonkavala i Kardila u pratnji tenora Dejana Maksimovi\u0107a, koji je ve\u0107 10 godina prvi tenor Opere Narodnog pozori\u0161ta u Beogradu.<\/p>\n<p>&#8211;<\/p>\n<p style=\"text-align: justify;\"><strong><span style=\"text-decoration: underline;\"><em>POVEZANE VESTI<\/em><\/span><\/strong>:<\/p>\n<p><strong>\u00a0\u00a0 <a href=\"http:\/\/www.pks.rs\/Vesti.aspx?IDVestiDogadjaji=13746\">Privredna komora Srbije<\/a><\/strong><\/p>\n<p style=\"text-align: justify;\"><strong>\u00a0\u00a0 <a href=\"http:\/\/www.rts.rs\/page\/stories\/sr\/story\/9\/Politika\/1643999\/Mihajlovi%C4%87%3A+Srbija+zahvalna+Italiji+na+pomo%C4%87i+.html\" id=\"RTS\" name=\"RTS\">RTS<\/a><br \/><\/strong><br \/><strong>\u00a0\u00a0 <a href=\"http:\/\/www.blic.rs\/Vesti\/Politika\/479281\/Nikolic-Srbija-povoljna-za-investicije\" id=\"Blic\" name=\"Blic\">Blic<\/a><br \/><\/strong><br \/><strong>\u00a0\u00a0 <a href=\"http:\/\/www.studiob.rs\/info\/vest.php?id=103676&#038;kategorija=Politika\" id=\"Studio B\" name=\"Studio B\">Studio B<\/a><\/p>\n<p>\u00a0\u00a0 <a href=\"http:\/\/www.b92.net\/biz\/komentari.php?nav_id=874200\" id=\"B92\" name=\"B92\">B92<\/a><br \/><\/strong><br \/>\u00a0<\/p>\n","protected":false},"excerpt":{"rendered":"\u00a0\u00a0\u00a0\u00a0 FOTO GALERIJA \u00a0\u00a0\u00a0\u00a0 VIDEO GALERIJA &#8211; TANJUG\u00a0&#8211; Italija u Srbiji ulo\u017eila 2 milijarde evra BEOGRAD, 9. jul 2014.\u00a0&#8211; Srbija je spremna da uspostavi jo\u0161 bli\u017eu i efikasniju saradnju sa Italijom, i to u svim sektorima &#8211; saobra\u0107aju, infrastrukturi, energetici i naro\u010dito u obnovljivim izvorima energije, izjavila je danas potpredsednik Vlade Srbije Zorana Mihajlovi\u0107. &#8222;Mi [&hellip;]","protected":false},"author":1,"featured_media":0,"comment_status":"","ping_status":"","sticky":false,"template":"","format":"standard","meta":{"footnotes":""},"tags":[],"class_list":["post-7840","post","type-post","status-publish","format-standard","hentry"],"_links":{"self":[{"href":"https:\/\/ambbelgrado.esteri.it\/sr\/wp-json\/wp\/v2\/posts\/7840","targetHints":{"allow":["GET"]}}],"collection":[{"href":"https:\/\/ambbelgrado.esteri.it\/sr\/wp-json\/wp\/v2\/posts"}],"about":[{"href":"https:\/\/ambbelgrado.esteri.it\/sr\/wp-json\/wp\/v2\/types\/post"}],"author":[{"embeddable":true,"href":"https:\/\/ambbelgrado.esteri.it\/sr\/wp-json\/wp\/v2\/users\/1"}],"replies":[{"embeddable":true,"href":"https:\/\/ambbelgrado.esteri.it\/sr\/wp-json\/wp\/v2\/comments?post=7840"}],"version-history":[{"count":0,"href":"https:\/\/ambbelgrado.esteri.it\/sr\/wp-json\/wp\/v2\/posts\/7840\/revisions"}],"wp:attachment":[{"href":"https:\/\/ambbelgrado.esteri.it\/sr\/wp-json\/wp\/v2\/media?parent=7840"}],"wp:term":[{"taxonomy":"post_tag","embeddable":true,"href":"https:\/\/ambbelgrado.esteri.it\/sr\/wp-json\/wp\/v2\/tags?post=7840"}],"curies":[{"name":"wp","href":"https:\/\/api.w.org\/{rel}","templated":true}]}}