{"id":7828,"date":"2014-07-11T08:25:27","date_gmt":"2014-07-11T06:25:27","guid":{"rendered":"https:\/\/ambbelgrado.esteri.it\/news\/dall_ambasciata\/2014\/07\/open-day-2\/"},"modified":"2014-07-11T08:25:27","modified_gmt":"2014-07-11T06:25:27","slug":"open-day-2","status":"publish","type":"post","link":"https:\/\/ambbelgrado.esteri.it\/sr\/news\/dall_ambasciata\/2014\/07\/open-day-2\/","title":{"rendered":"Dan otvorenih vrata\u00a0 \u201cItalija dovodi Evropu u Srbiju\u201dPovodom \u0161estomese\u010dnog predsedavanja Italije Evropskom unijom"},"content":{"rendered":"<p><P><SPAN style='FONT-SIZE: 12pt; FONT-FAMILY: \"Times New Roman\"; mso-fareast-font-family: \"Times New Roman\"; mso-ansi-language: IT; mso-fareast-language: IT; mso-bidi-language: AR-SA'><?xml:namespace prefix = \"v\" ns = \"urn:schemas-microsoft-com:vml\" \/><v:shapetype id=\"_x0000_t75\" stroked=\"f\" filled=\"f\" path=\"m@4@5l@4@11@9@11@9@5xe\" o:preferrelative=\"t\" o:spt=\"75\" coordsize=\"21600,21600\"><A href=\"https:\/\/www.flickr.com\/photos\/belgrado_italianembassy\/\">GALERIJA FOTOGRAFIJA<\/A><\/v:shapetype><\/SPAN><\/P><P><SPAN style='FONT-SIZE: 12pt; FONT-FAMILY: \"Times New Roman\"; mso-fareast-font-family: \"Times New Roman\"; mso-ansi-language: IT; mso-fareast-language: IT; mso-bidi-language: AR-SA'><v:shapetype stroked=\"f\" filled=\"f\" path=\"m@4@5l@4@11@9@11@9@5xe\" o:preferrelative=\"t\" o:spt=\"75\" coordsize=\"21600,21600\"><A href=\"http:\/\/www.youtube.com\/user\/BelgradoAmbIta\">VIDEO GALERIJA<\/A><BR>\u00a0<BR><STRONG><U>\u00a0<\/U><\/STRONG><\/v:shapetype><\/SPAN><STRONG><U><EM>NAJAVA<\/EM><\/U><\/STRONG><\/P><br \/>\n<P>Ambasada Italije u Beogradu, u saradnju sa Delegacijom Evropske unije i EU Info Centrom, otvori\u0107e svoja vrata svim posetiocima u petak 11. jula, od 11.00 do 15.00 \u010dasova, povodom manifestacije EU Open Day \u201cItalija dovodi Evropu u Srbiju\u201d u okviru inicijativa predvi\u0111enih italijanskim predsedavanjem Evropskom unijom.<BR>\u00a0<BR>Vrata Ambasade Italije bi\u0107e otvorena za sve posetioce koji \u017eele da se informi\u0161u o Evropskoj uniji a naro\u010dito o aktivnostima koje Italija tokom svog predsedavanja namerava da promovi\u0161e kako bi podr\u017eala pregovore o pridru\u017eivanju Srbije Evropskoj uniji. U tom smislu \u0107e u periodu od 11.00 do 12.00 \u010dasova, <STRONG>ambasador Italije \u0110uzepe Manco<\/STRONG> i <STRONG>ambasador EU Majkl Davenport<\/STRONG>, odgovarati na pitanja Twitter korisnika u okviru Twitter Chat na hashtag #pitajEU, a nakon toga \u0107e zajedno sa <STRONG>ministarkom za evropske integracije Jadrankom Joksimovi\u0107<\/STRONG> razgovarati zajedno sa studentima Univerziteta u Beogradu i sa predstavnicima nevladinih organizacija koje se bave evropskim temama. Moderator diskusije \u0107e biti Neboj\u0161a Lazarevi\u0107, direktor Centra za evropske politike<U>.<BR><BR><\/U>Posetioci \u0107e mo\u0107i da se upoznaju sa prostorijama Ambasade gde \u0107e za tu priliku biti postavljeni informativni punktovi o Evropskoj uniji, \u0161tand svetske izlo\u017ebe Expo Milano 2015 i Turisti\u010dkih organizacija Srbije i Beograda. Tako\u0111e, bi\u0107e izlo\u017eeno nekoliko modela motocikala Vespa \u010duvenog italijanskog brenda Piaggio, nekoliko automobila FIAT 500L \u201emade in Kragujevac\u201c i dela savremenih srpskih umetnika Ivana Gra\u010dnera i Viktora Kisa. U ba\u0161ti rezidencije posetioci \u0107e mo\u0107i da vide i organski povrtnjak, koji je realizovao pokret Slowfood Serbia i koji je ministarka poljoprivrede Sne\u017eana Bogosavljevi\u0107-Bo\u0161kovi\u0107 otvorila 2. juna u okviru prijema povodom Nacionalnog praznika Italije<\/P><br \/>\n<P><U><EM><STRONG>VESTI<\/STRONG><\/EM><\/U><\/P><br \/>\n<P><U><EM><A href=\"\/resource\/2014\/07\/OpendayPolitika12luglio.jpg\">POLITIKA: Podrska Srbiji na putu na EU<\/A><BR><BR><A href=\"http:\/\/euinfo.rs\/sr\/euroservice\/12409\/EU+prepoznaje+posve%C4%87enost+Srbije+reformama.html\">EU INFO Centar: EU prepoznaje posvecenost Srbije reformama<\/A><\/EM><\/U><\/P><br \/>\n<P><EM><U><A href=\"http:\/\/www.blic.rs\/Vesti\/Drustvo\/482229\/Italija-dovodi-Evropu-u-Srbiju\">BLIC:Italija dovodi Evropu u Srbiju<\/A><\/U><\/EM><\/P><br \/>\n<P><STRONG>Italija partner Srbije u procesu pro\u0161irenja<\/STRONG><\/P><br \/>\n<P><STRONG>(TANJUG)<\/STRONG> BEOGRAD &#8211; Ministarka bez portfelja zadu\u017eena za evropske integracije <EM>Jadranka Joksimovi\u0107<\/EM> ocenila je danas da je Italija sna\u017ean partner Srbije i Zapadnog Balkana u procesu pro\u0161irenja EU.<\/P><br \/>\n<P>Joksimovi\u0107 je, na Danu otvorenih vrata Ambasade Italije u Beogradu, istakla da je Italija jedan od nosilaca politike nastavka pro\u0161irenja Unije, \u0161to je, kako je primetila, veoma va\u017eno za Srbiju.<\/P><br \/>\n<P>Ambasador Italije \u0110uzepe Manco rekao je, povodom italijanskog presedavanja EU, da \u0107e diplomate 28 \u010dlanica Unije 10. septembra u Beogradu odr\u017eati sastanak radne grupe \u0161to \u0107e biti prvi put da se takav sastanak odr\u017eava van Brisela.<BR>&#8222;\u017deleli smo da u septembru dovedemo diplomate u Beograd kako bismo pomogli ja\u010danju komunikacije izme\u0111u Beograda i Brisela i kako bi oni iz prve ruke mogli da vide kretanje Srbije ka EU&#8220;, kazao je Manco.<\/P><br \/>\n<P>\u0160ef Delegacije EU u Beogradu Majkl Devenport pozdravio je inicijativu Italije da dovede u Srbiju radnu grupu.<\/P><br \/>\n<P>Devenport je istakao da, kada je re\u010d o tehni\u010dkom aspektu pristupnih pregovora, ni srpska ni evropska strana nisu gubile vreme, da se svi skrininzi odvijaju prema planu i da su srpski timovi izuzetno posve\u0107eni. <\/P><br \/>\n<P>On je upozorio da ima jo\u0161 mnogo posla i mnogo izazova do kraja godine, ali i kasnije, i izrazio zadovoljstvo posve\u0107eno\u0161\u0107u koju pokazuje Vlada Srbije.<\/P><br \/>\n<P>Devenport je rekao da je ohrabruju\u0107e to \u0161to su i Vlada i opozicija u parlamentu saglasne oko toga da Srbija treba da ostvari evropske standarde i istakao je da Srbija mo\u017ee mnogo da doprinese EU, \u0161to je i jedan od razloga iz kojeg \u010dlanice Unije \u017eele Srbiju u svojim redovima.<BR><BR>&#8211;<\/P><br \/>\n<P><STRONG>Proces pregovora s EU je i razmena iskustava<\/STRONG><\/P><br \/>\n<P><STRONG>(BETA)<\/STRONG>BEOGRAD, 11. jula 2014.\u00a0 &#8211; \u0160ef delegacije EU u Srbiji Majkl Devenport izjavio je u petak u Beogradu da Srbija mo\u017ee mnogo da doprinese Uniji i da je zajedni\u010dki interes obe strane da Srbija bude njena \u010dlanica.<\/P><br \/>\n<P>&#8222;Srbija ima mnogo da doprinese EU i razlog za podr\u0161ku pro\u0161irenju jeste to \u0161to \u010dlanice EU \u017eele da Srbija bude deo Unije, deo jedinstvenog tr\u017ei\u0161ta. To je na\u0161 zajedni\u010dki interes&#8220;, rekao je Devenport na debati u ambasadi Italije u Beogradu organizovanoj povodom po\u010detka predsedavanja te zemlje EU.<\/P><br \/>\n<P>Na otvorenoj debati u\u010desnici su bili i ambasador Italije Djuzepe Manco i srpska ministarka bez portfelja zadu\u017eena za evropske integracije Jadranka Joksimovi\u0107, a pitanja su mogli da postavljaju studenti Beogradskog univerziteta.<\/P><br \/>\n<P>Joksimovi\u0107eva je najavila da o\u010dekuje da \u0107e srpska vlada do kraja jula dobiti iz Brisela izve\u0161taje o skrininzima za poglavlja 23 i 24 i da bi ta poglavlja mogla da budu otvorena najkasnije u februaru ili martu.<\/P><br \/>\n<P>&#8222;Izve\u0161taji skrininga su u kona\u010dnoj fazi, o\u010dekujemo da ih dobijemo do kraja jula&#8220;, rekla je ona i dodala da do kraja godine treba zavr\u0161iti akcione planove za ta poglavlja kako bi ih Srbija otvorila u februaru ili martu, ako ne ve\u0107 tokom italijanskog predsedavanja.<BR><BR>&#8211;<\/P><br \/>\n<P><br \/>\n<P><STRONG>Devenport i Manco: Suo\u010davanje s pro\u0161lo\u0161\u0107u<\/STRONG> <\/P><br \/>\n<P><STRONG>(BETA)<\/STRONG> Beograd &#8211; \u0160ef Delegacije Evropske unije u Srbiji Majkl Devenport i italijanski ambasador u Beogradu \u0110uzepe Manco istakli su danas va\u017enost suo\u010davanja sa pro\u0161lo\u0161\u0107u kao preduslova za pomirenje i efikasnu regionalnu saradnju<\/P><br \/>\n<P>&#8222;Suo\u010davanje sa pro\u0161lo\u0161\u0107u je preduslov za pomirenje i za efikasnu regionalnu saradnju&#8220;, naveo je Devenport odgovaraju\u0107i na pitanja preko Tvitera zajedno sa ambasadorom Italije koja od 1. jula predsedava EU.<BR>\u00a0Na pitanje da li podr\u017eava da se suo\u010davanje sa pro\u0161lo\u0161\u0107u stavi u fokus tokom pregovora o pristupanju EU, Devenport je naveo da EU &#8222;podr\u017eava sve napore da se pitanja iz pro\u0161losti re\u0161e&#8220;.<BR>\u00a0Ambasador Manco je istakao da je &#8222;pro\u0161lost va\u017ena, a i budu\u0107nost&#8220;. &#8222;Agenda Italije \u017eeli brzi povratak Srbije u Evropsku uniju&#8220;, dodao je on.<BR>\u00a0Upitan da li bi Srbija kao ostale EU zemlje trebalo da uvede Dan se\u0107anja na genocid u Srebrenici, Devenport je istakao da je va\u017eno &#8222;po\u0161tovati sve \u017ertve&#8220;.<BR>\u00a0Na pitanje gde se mo\u017ee videti integralni izve\u0161taj o napretku Srbije koji je pominjao premijer Aleksandar Vu\u010di\u0107, Devenport je uzvratio da &#8222;ako je re\u010d o izve\u0161taju o kome je govorio premijer, to nije bio izve\u0161taj EU&#8220;.<BR>\u00a0Srpski premijer Aleksandar Vu\u010di\u0107 je 29. juna rekao da mu je predsednik EK \u017doze Manuel Barozo pokazao izve\u0161taj o ostvarenom napretku Srbije odnosno o tome &#8222;gde sve nije dobro obavljala svoj posao&#8220;.<BR>\u00a0Vu\u010di\u0107 je naveo da su zelenim ozna\u010dene oblasti gde su rezultati dobri, \u017eutim lo\u0161i, a crvenim katastrofalni i da u izve\u0161taju ima &#8222;pet crvenih oblasti, a jedna je posebno crvena&#8220;.<BR>\u00a0Povodom nedavne posete srpskog premijera Moskvi, Devenport je istakao da je &#8222;za EU va\u017eno da Srbija ima dobre odnose sa svim partnerima&#8220;. &#8222;Rusija je va\u017ean partner za EU&#8220;, dodao je on.<BR>\u00a0Kad je re\u010d o medijima, Devenport je istakao da je &#8222;implementacija medijske strategije vrlo va\u017ena za nas, kao i usvajanje zakona&#8220;. Upitan kakav \u0107e stav EU biti ukoliko u predvi\u0111enom roku Srbija ne pre\u0111e na projektno finansiranje medija, Devenport je odgovorio da EU &#8222;o\u010dekuje da \u0107e se zakon primeniti&#8220;.<BR>\u00a0Na pitanje da li se ukida Generalni direktorat EK za pro\u0161irenje i kakvu to poruku \u0161alje dr\u017eavama kandidatima na Zapadnom Balkanu, Devenport je naveo da &#8222;nema informacija da \u0107e tako ne\u0161to dogoditi&#8220;.<BR>\u00a0Devenport je tako\u0111e &#8222;pozdravio nameru nadle\u017enih da ispitaju tvrdnje o doktoratima&#8220;, po\u0161to je jedno od pitanja bilo da li su osobe sa plagiranim doktoratima na javnim funkcijama prihvatljive kao sagovornici.<BR>\u00a0Italijanski ambasador je ocenio da \u0107e predstoje\u0107e predsedavanje Srbije OEBS-om &#8222;biti jako va\u017eno&#8220;. &#8222;Siguran sam da se srpska vlada jako dobro priprema, a zemlje EU \u0107e je naravno podr\u017eati&#8220;, dodao je on.<BR>\u00a0Manco je naveo i da nova srpska vlada posve\u0107ena evropskim integracijama. &#8222;Ohrabrujemo vladu da nastavi sa reformama&#8220;, istakao je on i naveo da je &#8222;\u017eivotna sredina od velikog zna\u010daja tokom pregovora&#8220;. &#8222;U stalnom smo kontaktu sa vlastima oko napretka Srbije&#8220;, dodao je on.<BR>\u00a0Devenport je izbegao da odgovori na pitanje koliko veruje Vu\u010di\u0107u na skali od 1 do 10, navode\u0107i da je &#8222;prestao da daje ocene kad je zavr\u0161io karijeru nastavnika pre 25 godina&#8220;, uz mali smajli.<BR>\u00a0Na pitanje da li \u0107e nova Evropska komisija imati 10 \u017eena od 28 \u010dlanova, Manco je naveo da je za Italiju ravnopravnost polova veoma va\u017ena i dodao da su u italijanskoj vladi polovina ministara \u017eene.<\/P><br \/>\n<P>\u00a0<\/P><br \/>\n<P><\/P><\/p>\n","protected":false},"excerpt":{"rendered":"GALERIJA FOTOGRAFIJAVIDEO GALERIJA\u00a0\u00a0NAJAVA Ambasada Italije u Beogradu, u saradnju sa Delegacijom Evropske unije i EU Info Centrom, otvori\u0107e svoja vrata svim posetiocima u petak 11. jula, od 11.00 do 15.00 \u010dasova, povodom manifestacije EU Open Day \u201cItalija dovodi Evropu u Srbiju\u201d u okviru inicijativa predvi\u0111enih italijanskim predsedavanjem Evropskom unijom.\u00a0Vrata Ambasade Italije bi\u0107e otvorena za sve [&hellip;]","protected":false},"author":1,"featured_media":0,"comment_status":"","ping_status":"","sticky":false,"template":"","format":"standard","meta":{"footnotes":""},"tags":[],"class_list":["post-7828","post","type-post","status-publish","format-standard","hentry"],"_links":{"self":[{"href":"https:\/\/ambbelgrado.esteri.it\/sr\/wp-json\/wp\/v2\/posts\/7828","targetHints":{"allow":["GET"]}}],"collection":[{"href":"https:\/\/ambbelgrado.esteri.it\/sr\/wp-json\/wp\/v2\/posts"}],"about":[{"href":"https:\/\/ambbelgrado.esteri.it\/sr\/wp-json\/wp\/v2\/types\/post"}],"author":[{"embeddable":true,"href":"https:\/\/ambbelgrado.esteri.it\/sr\/wp-json\/wp\/v2\/users\/1"}],"replies":[{"embeddable":true,"href":"https:\/\/ambbelgrado.esteri.it\/sr\/wp-json\/wp\/v2\/comments?post=7828"}],"version-history":[{"count":0,"href":"https:\/\/ambbelgrado.esteri.it\/sr\/wp-json\/wp\/v2\/posts\/7828\/revisions"}],"wp:attachment":[{"href":"https:\/\/ambbelgrado.esteri.it\/sr\/wp-json\/wp\/v2\/media?parent=7828"}],"wp:term":[{"taxonomy":"post_tag","embeddable":true,"href":"https:\/\/ambbelgrado.esteri.it\/sr\/wp-json\/wp\/v2\/tags?post=7828"}],"curies":[{"name":"wp","href":"https:\/\/api.w.org\/{rel}","templated":true}]}}