{"id":7816,"date":"2014-07-24T08:26:23","date_gmt":"2014-07-24T06:26:23","guid":{"rendered":"https:\/\/ambbelgrado.esteri.it\/news\/dall_ambasciata\/2014\/07\/centenario-prima-guerra-2\/"},"modified":"2014-07-24T08:26:23","modified_gmt":"2014-07-24T06:26:23","slug":"centenario-prima-guerra-2","status":"publish","type":"post","link":"https:\/\/ambbelgrado.esteri.it\/sr\/news\/dall_ambasciata\/2014\/07\/centenario-prima-guerra-2\/","title":{"rendered":"STOGODI\u0160NJICA PRVOG SVETSKOG RATA 2014\/2018"},"content":{"rendered":"<p><P><IMG style=\"HEIGHT: 181px; WIDTH: 224px\" border=\"0\" alt=\"STOGODI\u0160NJICA PRVOG SVETSKOG RATA\" src=\"\/resource\/2014\/07\/image002.jpg\" width=\"464\" height=\"457\"><\/P><P><STRONG><EM>TI\u0160INA &#8211; ZVUK VELIKOG RATA<\/EM><\/STRONG> <\/P><br \/>\n<P>Dana 27. jula, na godi\u0161njicu poslednjeg dana mira u Evropi pre izbijanja Velikog rata, jedan muzi\u010dki talas \u0107e zapljusnuti ceo svet.<\/P><br \/>\n<P>Na predlog Italije, koja je za tu priliku pozvala truba\u010de iz svih zemalja, tada\u0161njih u\u010desnica, da sviraju istog dana na onim mestima koja su istorijski najzna\u010dajnija za rat, se\u0107anje na \u017ertve bi\u0107e horsko i uz note \u201eTi\u0161ine\u201c.<BR>To je znak se\u0107anja i po\u0161tovanja, izra\u017een jedinstvenim jezikom univerzalno prihva\u0107enim i priznatim: muzikom.<\/P><br \/>\n<P>Me\u0111unarodni projekat, potekao od ideje novinara i pisca Paola Rumiza, \u010diji je umetni\u010dki direktor truba\u010d i kompozitor Paolo Fresu, u Italiji \u0107e u 14 \u010dasova na Visoravni Folgaria intonirati \u201eTi\u0161inu\u201c. Kao lament, poslednji pozdrav \u017ertvama Prvog svetskog rata pro\u0161i\u0107e se i u drugim zemljama gde \u0107e strani muzi\u010dari izvoditi pesme podjednakog zna\u010daja.<\/P><br \/>\n<P>Ovaj va\u017ean doga\u0111aj \u2013 kome su se pridru\u017eili Velika Britanija, Sjedinjene Ameri\u010dke Dr\u017eave, Gr\u010dka, Portugal, Bugarska, Ma\u0111arska, Rumunija, Kostarika, Crna Gora, Rusija, Kuba, Poljska i Srbija \u2013 omogu\u0107en je zahvaljuju\u0107i saradnji sa Ministarstvom spoljnih poslova kao deo komemoracionog programa italijanske vlade koji je priredila Slu\u017eba misije za godi\u0161njice od nacionalnog zna\u010daja Predsedni\u0161tva Saveta ministara. <BR><\/P><br \/>\n<P>\u00a0<\/P><br \/>\n<P>Vi\u0161e informacija o ovoj inicijativi\u00a0je objavljeno na portalu:\u00a0 <BR><A href=\"http:\/\/www.centenario1914-1918.it\/2014\/07\/21\/paolo-fresu-silenzio-si-muore\/\">http:\/\/www.centenario1914-1918.it\/2014\/07\/21\/paolo-fresu-silenzio-si-muore\/<\/A><\/P><br \/>\n<P>spisak\u00a0zemalja koje u\u010destvuju i imena truba\u010da i mesto\u00a0izvo\u0111enja:<BR><A href=\"http:\/\/www.centenario1914-1918.it\/2014\/07\/23\/i-paesi-partecipanti-27-luglio-2014\/\">http:\/\/www.centenario1914-1918.it\/2014\/07\/23\/i-paesi-partecipanti-27-luglio-2014\/<\/A><\/P><br \/>\n<P><A href=\"\/resource\/2014\/07\/SilenceEN.pdf\">Plakat na engleskom jeziku<\/A>\u00a0<\/P><br \/>\n<P><BR><STRONG>Voice of Serbia<\/STRONG>\u00a0<BR><A href=\"http:\/\/voiceofserbia.org\/content\/brass-music-memory-victims-great-war\">http:\/\/voiceofserbia.org\/content\/brass-music-memory-victims-great-war<\/A><\/P><br \/>\n<P><STRONG>Agencija BETA<\/STRONG><BR><A href=\"http:\/\/www.beta.rs\/?tip=article&#038;kategorija=kultura&#038;ida=3099832&#038;id=&#038;ime\">http:\/\/www.beta.rs\/?tip=article&#038;kategorija=kultura&#038;ida=3099832&#038;id=&#038;ime<\/A>=<\/P><\/p>\n","protected":false},"excerpt":{"rendered":"TI\u0160INA &#8211; ZVUK VELIKOG RATA Dana 27. jula, na godi\u0161njicu poslednjeg dana mira u Evropi pre izbijanja Velikog rata, jedan muzi\u010dki talas \u0107e zapljusnuti ceo svet. Na predlog Italije, koja je za tu priliku pozvala truba\u010de iz svih zemalja, tada\u0161njih u\u010desnica, da sviraju istog dana na onim mestima koja su istorijski najzna\u010dajnija za rat, se\u0107anje [&hellip;]","protected":false},"author":1,"featured_media":0,"comment_status":"","ping_status":"","sticky":false,"template":"","format":"standard","meta":{"footnotes":""},"tags":[],"class_list":["post-7816","post","type-post","status-publish","format-standard","hentry"],"_links":{"self":[{"href":"https:\/\/ambbelgrado.esteri.it\/sr\/wp-json\/wp\/v2\/posts\/7816","targetHints":{"allow":["GET"]}}],"collection":[{"href":"https:\/\/ambbelgrado.esteri.it\/sr\/wp-json\/wp\/v2\/posts"}],"about":[{"href":"https:\/\/ambbelgrado.esteri.it\/sr\/wp-json\/wp\/v2\/types\/post"}],"author":[{"embeddable":true,"href":"https:\/\/ambbelgrado.esteri.it\/sr\/wp-json\/wp\/v2\/users\/1"}],"replies":[{"embeddable":true,"href":"https:\/\/ambbelgrado.esteri.it\/sr\/wp-json\/wp\/v2\/comments?post=7816"}],"version-history":[{"count":0,"href":"https:\/\/ambbelgrado.esteri.it\/sr\/wp-json\/wp\/v2\/posts\/7816\/revisions"}],"wp:attachment":[{"href":"https:\/\/ambbelgrado.esteri.it\/sr\/wp-json\/wp\/v2\/media?parent=7816"}],"wp:term":[{"taxonomy":"post_tag","embeddable":true,"href":"https:\/\/ambbelgrado.esteri.it\/sr\/wp-json\/wp\/v2\/tags?post=7816"}],"curies":[{"name":"wp","href":"https:\/\/api.w.org\/{rel}","templated":true}]}}