{"id":7804,"date":"2014-07-28T10:39:03","date_gmt":"2014-07-28T08:39:03","guid":{"rendered":"https:\/\/ambbelgrado.esteri.it\/news\/dall_ambasciata\/2014\/07\/ministro-mogherini-in-visita-ufficiale-a-belgrado-2\/"},"modified":"2014-07-28T10:39:03","modified_gmt":"2014-07-28T08:39:03","slug":"ministro-mogherini-in-visita-ufficiale-a-belgrado-2","status":"publish","type":"post","link":"https:\/\/ambbelgrado.esteri.it\/sr\/news\/dall_ambasciata\/2014\/07\/ministro-mogherini-in-visita-ufficiale-a-belgrado-2\/","title":{"rendered":"Poseta italijanskog ministra spoljnih poslova Federike Mogerini"},"content":{"rendered":"<p><a href=\"https:\/\/www.flickr.com\/photos\/belgrado_italianembassy\/\" id=\"FOTO GALERIJA\" name=\"FOTO GALERIJA\">FOTO GALERIJA<\/a><\/p>\n<p><a href=\"http:\/\/www.youtube.com\/user\/BelgradoAmbIta\" id=\"VIDEO GALERIJA\" name=\"VIDEO GALERIJA\">VIDEO GALERIJA<\/a><\/p>\n<p>&#8211;<\/p>\n<p><strong><img loading=\"lazy\" decoding=\"async\" style=\"height: 256px; width: 349px;\" src=\"\/resource\/2014\/07\/sito1MogheriniDacic28luglio6.jpg\" alt=\"Ministarka Mogerini sa srpskim kolegom Da\u010di\u0107em\" width=\"512\" height=\"383\" border=\"0\" \/><\/strong><\/p>\n<p><img loading=\"lazy\" decoding=\"async\" style=\"height: 270px; width: 353px;\" src=\"\/resource\/2014\/07\/sito2MogheriniVucic28luglio2.jpg\" alt=\"Ministarka Mogerini sa premijerom Vu\u010di\u0107em\" width=\"512\" height=\"390\" border=\"0\" \/><br \/>foto Tanjug<\/p>\n<p><img loading=\"lazy\" decoding=\"async\" style=\"height: 260px; width: 353px;\" src=\"\/resource\/2014\/07\/sito3MogheriniNikolic28luglio22.jpg\" alt=\"Ministarka Mogerini sa predsednikom Nikoli\u0107em\" width=\"512\" height=\"383\" border=\"0\" \/><\/p>\n<p><img loading=\"lazy\" decoding=\"async\" style=\"height: 224px; width: 354px;\" src=\"\/resource\/2014\/07\/sito4Mogherinidibattitoapertoparlamento5.jpg\" alt=\"Ministarka Mogerini u Narodnoj skup\u0161tini Srbije\" width=\"511\" height=\"383\" border=\"0\" \/><\/p>\n<p><strong><a href=\"\/resource\/2014\/07\/MogheriniPolitika29luglio.jpg\">Poseta Mogerinijeve Beogradu.Politika 29. juli<\/a><\/strong><\/p>\n<p><strong><a href=\"\/resource\/2014\/07\/MogheriniDanas29luglio2.jpg\">Poseta Mogerinijeve Beogradu.Danas 29. juli<\/a><\/strong><\/p>\n<p><strong><a href=\"\/resource\/2014\/07\/MogheriniNovosti29luglio.jpg\">Poseta Mogerinijeve Beogradu.Ve\u010dernje novosti 29. juli<\/a><\/strong><\/p>\n<p><strong><a href=\"\/resource\/2014\/07\/MogheriniBlic29luglio.jpg\">Poseta Mogerinijeve Beogradu.Blic 29. juli<\/a><\/strong><\/p>\n<p><strong><a href=\"\/resource\/2014\/07\/MogheriniKurir29luglio.jpg\">Poseta Mogerinijeve Beogradu.Kurir 29. juli<\/a><\/strong><\/p>\n<p><strong><a href=\"\/resource\/2014\/11\/2014_08_28POLITIKAIntervistaMogherini.jpg\">2014_08_28 POLITIKA Intervju Federika Mogerini.jpg<\/a><\/strong><\/p>\n<p><strong>&#8211;<\/strong><\/p>\n<p><strong>\u0160efica italijanske diplomatije u Beogradu<\/strong><\/p>\n<p><strong>Mogerini za ve\u0107e usagla\u0161avanje spoljne politike Srbije sa EU<\/strong><\/p>\n<p style=\"text-align: justify;\"><strong>TANJUG\u00a0<\/strong>&#8211; Italijanska ministarska spoljnih poslova Federika Mogerini izrazila je danas o\u010dekivanje da \u0107e Srbija u narednom periodu pove\u0107ati nivo usagla\u0161enosti spoljne politike sa EU, dok je \u0161ef srpske diplomatije Ivica Da\u010di\u0107 poru\u010dio da Srbija na tome radi i odbacio da je bilo ikakvih ultimatuma s tim u vezi.<\/p>\n<p style=\"text-align: justify;\"><img decoding=\"async\" src=\"\/resource\/2014\/07\/MogheriniDacic28luglio6.jpg\" alt=\"Italijanski ministar spoljnih poslova Federika Mogerini u Beogradu\" border=\"0\" \/><\/p>\n<p style=\"text-align: justify;\"><em>foto TANJUG<\/em><\/p>\n<p style=\"text-align: justify;\">&#8222;Nadam se da \u0107e Srbija pove\u0107ati procenat usagla\u0161enosti svoje spoljne politike sa politikom EU u narednim nedeljama ili mesecima&#8220;, izjavila je Mogerini posle sastanka sa Da\u010di\u0107em u Palati &#8222;Srbija&#8220;, kojim je otpo\u010dela svoju posetu Srbiji.<br \/>Srbija ima za cilj usagla\u0161avanje svoje spoljne politike sa evropskom, \u0161to zna\u010di da \u0107emo u narednom periodu, do zavr\u0161etka svih tih poglavlja, naro\u010dito poglavlja 31, (spoljna politika) i\u0107i ka tome da ispunimo svoje obaveze, rekao je Da\u010di\u0107.<br \/>Na pitanje novinara da li su Srbiji bili postavljani bilo kakvi ultimatumi na bilo koju temu i da li je bilo pritisaka, Da\u010di\u0107 je to odlu\u010dno odbacio.<br \/>&#8222;Ovo je normalan razgovor i dijalog, ima\u0107emo ga vi\u0161e puta za vreme italijanskog predsedavanja, i sa Italijom i EU \u0107emo sara\u0111ivati najiskrenije i otvoreno&#8220;, rekao je Da\u010di\u0107.<br \/>Podsetiv\u0161i da u oktobru predstoji skrining za poglavlje 31 koje se ti\u010de spoljne politike, Da\u010di\u0107 je naveo da je u poslednja tri meseca do\u0161lo do zna\u010dajnog napretka u u pove\u0107anju procenta usagla\u0161enosti na\u0161e spoljne politike sa EU i da je taj procenat sad ve\u0107i od 70 odsto.<br \/>Prema njegovim re\u010dima, pro\u0161le godine je nivo usagla\u0161enosti iznosio 90 odsto, a u prvih nekoliko meseci tehni\u010dke vlade je opao na ispod 50 odsto.<br \/>&#8222;Od 14 deklaracija EU mi smo prihvatili 10, a nismo \u010detiri me\u0111u kojima su i sankcije prema Rusiji&#8220;, dodao je on.<br \/>Da\u010di\u0107 se, tako\u0111e, zalo\u017eio za to da se kriza u Ukrajini re\u0161ava za pregovara\u010dkim stolom.<br \/>&#8222;Srbija ima specifi\u010dne i izuzetno bliske odnose i sa EU i sa Ukrajinom i sa Rusijom, i nama bi svima bilo u interesu bilo da se situacija smiri&#8220;, zaklju\u010dio je Da\u010di\u0107.<br \/>Beogradska \u0161tampa pisala je da \u0107e Srbiji biti postavljen ultimatum da se do 1. septembra priklju\u010di sankcijama EU prema Rusiji, kao i da \u0107e \u0161efica italijanske diplomatije iskoristiti posetu da izvr\u0161i pritisak s tim u vezi.<br \/>Mogerini je najavila da \u0107e se sutra u Rimu susresti sa \u0161efom diplomatije \u0160vajcarske, dr\u017eave koja trenutno predsedava OEBS-om, i da \u0107e tom prilikom ista\u0107i da je zna\u010dajno da Srbija nastavi da tom organizacijom predsedava na na\u010din na koji \u0160vajcarska to sada \u010dini u smislu re\u0161avanja aktuelnih pitanja u svetu, kao \u0161to je Ukrajina.<br \/>Osvrnuv\u0161i se na situaciju u Ukrajini, ona je ocenila da je od su\u0161tinske va\u017enosti izvr\u0161iti politi\u010dki pritisak na Moskvu.<br \/>&#8222;Imperativ je da Moskva realizuje ono na \u0161ta se obavezala&#8220;, ukazala je italijanska \u0161efica diplomatije i dodala da, posle nedavnog ru\u0161enja malezijskog aviona, &#8222;treba pre\u0107i sa re\u010di na dela i utvrditi \u0161ta se ta\u010dno dogodilo&#8220;.<br \/>Komentari\u0161u\u0107i situaciju u Gazi, ona je naglasila da me\u0111unarodna zajednica insistira na produ\u017eenju humanitarnog primirja \u0161to je, kako je ocenila, u interesu i Izraela i Palestine, kao i da je glavni prioritet da stanovni\u0161to u Gazi bude za\u0161ti\u0107eno.<\/p>\n<p style=\"text-align: justify;\"><strong>Italija prvi ekonomski i va\u017ean politi\u010dki partner Srbije<\/strong><\/p>\n<p style=\"text-align: justify;\">Italija je prvi ekonomski i va\u017ean politi\u010dki partner Srbije, slo\u017eili su se danas \u0161efovi diplomatija dve zemlje, izraziv\u0161i nadu da \u0107e tokom italijanskog predsedavanja Evropskom unijom biti otvorena pregovara\u010dka poglavlja 32 i 35. <br \/>&#8222;Nadamo se da \u0107e italijansko predsedavanje EU dati dodatni podsticaj evropskim integracijama Srbije&#8220;, izjavio je Da\u010di\u0107 na zajedni\u010dkoj konferenciji za novinare po zavr\u0161etku sastanka sa Mogerini.<br \/>Srpski \u0161ef diplomatije je izrazio o\u010dekivanje da \u0107e, bez obzira na zamor od pro\u0161irenja koji postoji me\u0111u nekim dr\u017eavama \u010dlanicama EU, Srbija napredovati na evropskom putu u skladu sa svojim zaslugama.<br \/>On je podsetio da Srbija ovih dana usvaja \u010ditav paket reformskih zakona, od onih u oblasti ekonomije do medijskih.<br \/>&#8222;Srbija \u0107e biti inicijator dobrih odnosa u regionu&#8220;, istakao je Da\u010di\u0107 i napomenuo da je \u010ditav niz koraka koje na\u0161a zemlja preduzima a koji nisu laki, po\u010dev od dijaloga sa Pri\u0161tinom, &#8222;iskorak u odnosu na prethodna vremena&#8220;.<br \/>Poru\u010div\u0161i da Srbija smatra Italiju jednim od najve\u0107ih prijatelja u Zapadnoj Evropi, Da\u010di\u0107 je istakao da je ta zemlja jedan od na\u0161ih najva\u017enijih partnera na politi\u010dkom planu, a da je na ekonomskom &#8211; na\u0161 partner broj jedan.<br \/>&#8222;Stalno su se za prvo mesto borile Rusija, Nema\u010dka, Italija, ali je Italija pobedila&#8220;, zaklju\u010dio je, podsetiv\u0161i da u Srbiji radi veliki broj italijanskih preduze\u0107a.<br \/>Da\u010di\u0107 se, kako je rekao, sa Mogerinijevom dogovorio da \u0107e bilateralna saradnja biti intenzivna i operativna i najavio da \u0107e u Srbiji, kako se o\u010dekuje, do kraja godine biti odr\u017eana \u010detvrta zajedni\u010dka sednica dveju vlada.<br \/>Mogerini je navela da je, tako\u0111e, planiran trilateralni sastanak vlada Srbije, Italije i Albanije.<br \/>&#8222;Srbija je uspela da postigne istorijske korake koji su od zna\u010daja i za \u010ditavu Evropu, a pre svega je to sporazum sa Pri\u0161tinom i otvaranje pristupnih pregovora&#8220;, istakla je ona.<br \/>\u0160efica italijanske diplomatije je ukazala na zna\u010daj puta koji, kako je rekla, mo\u017eemo i zajedno da pre\u0111emo, a to je nastavak reformi i nakon prvih 100 dana vlade.<br \/>&#8222;Znam koliko su reforme obavezuju\u0107e i va\u017ene&#8220;, kazala je, istakav\u0161i da politi\u010dke snage vlade treba da budu upotrebljene u interesu svih gra\u0111ana, a sve u smislu unutra\u0161njih reformi. <br \/>Ona je, tako\u0111e, ukazala da treba dati podsticaj dijalogu sa Pri\u0161tinom, naro\u010dito nakon formiranja nove kosovske vlade.<br \/>Mogerini je izrazila sau\u010de\u0161\u0107e svima koji su izgubili svoje bli\u017enje u poplavama koje su nedavno zadesile Srbiju i naglasila da je Italija spremna da pomogne na\u0161oj zemlji i na putu obnove. <br \/>Italijansku ministarku su primili i predsednik Srbije Tomislav Nikoli\u0107 i premijer Aleksandar Vu\u010di\u0107. Ona \u0107e se tokom dana sastati i sa predsednicom parlamenta Majom Gojkovi\u0107 i u\u010destvovati u panel diskusiji u skup\u0161tini.<\/p>\n<p style=\"text-align: justify;\">&#8211;<\/p>\n<p style=\"text-align: justify;\"><strong>TANJUG <\/strong>&#8211; Federika Mogerini, ministarka spoljnih poslova Italije, dr\u017eave predsedavaju\u0107e EU, doputova\u0107e danas u posetu Beogradu gde \u0107e razgovarati s predsednikom dr\u017eave, premijerom, \u0161efom diplomatije, predsednicom Skup\u0161tine Srbije i u\u010destvovati u panel diskusiji u parlamentu.<\/p>\n<p style=\"text-align: justify;\">Mogerini je uo\u010di posete Beogradu izjavila da donosi poruku sna\u017enog ohrabrenja da se nastavi putem kojim je Srbija krenula poslednjih godina. <br \/>&#8222;Srbija s Evropom deli iste prioritete: privredni razvoj i zapo\u0161ljavanje. Sa zadovoljstvom prime\u0107ujem da je srpska vlada, uprkos poplavama, odlu\u010dno krenula da sprovodi reforme i prilago\u0111ava se evropskim standardima kao \u0161to je usvajanje reforme u oblasti tr\u017ei\u0161ta rada&#8220;, rekla je Mogerini za &#8222;Politiku&#8220;.<\/p>\n<p style=\"text-align: justify;\">Ona je naglasila da \u0107e jedan od prioriteta italijanskog predsedavanja EU biti upravo integracija Zapadnog Balkana da bi se zaokru\u017eio izvorni projekat u koji su verovali osniva\u010di ujedinjene Evrope. <br \/>&#8222;Upravo iz tog razloga, u prvim nedeljama italijanskog predsedavanja krenula sam na turneju po zemljama Zapadnog Balkana koja se zavr\u0161ava danas, posetom prestonicama koje su najvi\u0161e odmakle u procesu pridru\u017eivanja&#8220;, rekla je ministarka spoljnih poslova Italije.<\/p>\n<p style=\"text-align: justify;\">Kada je re\u010d o odnosima dve zemlje, Mogerini je navela da ove godine slavimo 135.godi\u0161njicu diplomatskih odnosa i da je sa 3,5 milijarde evra u trgovinskoj razmeni, dve milijarde evra u investicijama i 500 preduze\u0107a, Italija najva\u017eniji trgovinski partner i investitor u Srbiji.<\/p>\n<p style=\"text-align: justify;\">&#8222;Ali svesni smo da su potrebni i novi vidovi saradnje, kako u privredi, tako i u oblasti istra\u017eivanja i inovacija. Zato je pre nekoliko nedelja predsednica regije Furlanija-Venecija-Julija, Debora Serakjani, posetila Beograd u pratnji delegacije od tridesetak privrednika i potpisala sporazume upravo u oblastima od strate\u0161kog zna\u010daja za Italiju i Srbiju, odnosno u oblastima energetike, infrastrukture, saobra\u0107aja, nau\u010dnog istra\u017eivanja&#8220;, rekla je Mogerini.<\/p>\n<p style=\"text-align: justify;\">&#8222;Posle poplava koje su tako te\u0161ko pogodile va\u0161u zemlju, Italija se odmah pokrenula i u Briselu dala svoj doprinos za pomo\u0107 Srbiji, ali to, naravno, nije dovoljno jer solidarnost sada treba da se ispolji kroz privrednu saradnju i ulaganje italijanskih preduze\u0107a u Srbiju&#8220;, naglasila je \u0161efica italijanske diplomatije.<\/p>\n<p style=\"text-align: justify;\">Ministarku Mogerini primi\u0107e \u0161ef dr\u017eave Tomislav Nikoli\u0107, najavljen je i sastanak \u0161efice italijanske diplomatije s premijerom Aleksandrom Vu\u010di\u0107em, kao i sa prvim potpredsednikom Vlade Srbije i \u0161efom diplomatije Ivicom Da\u010di\u0107em.<br \/>Predsednica Skupstine Srbije Maja Gojkovi\u0107 primi\u0107e tako\u0111e ministarku spoljnih poslova Italije, a potom \u0107e u skup\u0161tini biti odr\u017eana panel diskusija koju \u0107e otvoriti predsednica Narodne skup\u0161tine i ministarka spoljnih poslova Italije.<\/p>\n<p style=\"text-align: justify;\">Na panelu \u0107e u\u010destvovati i potpredsednici Narodne skup\u0161tine, predsednici poslani\u010dkih grupa, skup\u0161tinskih odbora za evropske integracije i spoljne poslove i grupe prijateljstva sa Italijom.<\/p>\n<p style=\"text-align: justify;\">Beograd, prema re\u010dima Da\u010di\u0107a, o\u010dekuje da tokom italijanskog predsedavanja EU budu otvorena pregovara\u010dka poglavlja 32 (o finansijskoj kontroli) i 35 (o ostalim pitanjima, uklju\u010duju\u0107i Kosovo).<\/p>\n<p style=\"text-align: justify;\">Mogerini je u \u010detvrtak, tokom posete Sarajevu, potvrdila da \u0107e Italija tokom \u0161estomese\u010dnog predsedavanja EU posebnu pa\u017enju posvetiti procesu evrointegracije Zapadnog Balkana.<\/p>\n<p style=\"text-align: justify;\">&#8222;Zapadni Balkan strate\u0161ki je prioritet na\u0161eg predsedavanja, jer \u0107e Unija morati da poka\u017ee dodatno zalaganje u pomaganju potencijalnim \u010dlanicama&#8220;, naglasila je Mogerini u Sarajevu, prvoj etapi njene turneje po balkanskim zemljama.<\/p>\n<p style=\"text-align: justify;\">Mogerini je posetila Pri\u0161tinu, Skoplje i Tiranu.<\/p>\n<p style=\"text-align: justify;\">Italija je 1. jula preuzela \u0161estomese\u010dno predsedavanje EU od Gr\u010dke.<\/p>\n<p style=\"text-align: justify;\">&#8211;<\/p>\n<p>Povezane vesti:<\/p>\n<p style=\"text-align: justify;\"><a href=\"http:\/\/B92.net\/info\/vesti\/index.php?yyyy=2014&#038;mm=07&#038;dd=28&#038;nav_category=11&#038;nav_id=881712\">B92<\/a>\u00a0<\/p>\n<p style=\"text-align: justify;\"><a href=\"http:\/\/www.danas.rs\/danasrs\/politika\/dacic_znacajna_poseta_mogerinijeve.56.html?news_id=286149\">Danas<\/a><\/p>\n","protected":false},"excerpt":{"rendered":"FOTO GALERIJA VIDEO GALERIJA &#8211; foto Tanjug Poseta Mogerinijeve Beogradu.Politika 29. juli Poseta Mogerinijeve Beogradu.Danas 29. juli Poseta Mogerinijeve Beogradu.Ve\u010dernje novosti 29. juli Poseta Mogerinijeve Beogradu.Blic 29. juli Poseta Mogerinijeve Beogradu.Kurir 29. juli 2014_08_28 POLITIKA Intervju Federika Mogerini.jpg &#8211; \u0160efica italijanske diplomatije u Beogradu Mogerini za ve\u0107e usagla\u0161avanje spoljne politike Srbije sa EU TANJUG\u00a0&#8211; Italijanska [&hellip;]","protected":false},"author":1,"featured_media":0,"comment_status":"","ping_status":"","sticky":false,"template":"","format":"standard","meta":{"footnotes":""},"tags":[],"class_list":["post-7804","post","type-post","status-publish","format-standard","hentry"],"_links":{"self":[{"href":"https:\/\/ambbelgrado.esteri.it\/sr\/wp-json\/wp\/v2\/posts\/7804","targetHints":{"allow":["GET"]}}],"collection":[{"href":"https:\/\/ambbelgrado.esteri.it\/sr\/wp-json\/wp\/v2\/posts"}],"about":[{"href":"https:\/\/ambbelgrado.esteri.it\/sr\/wp-json\/wp\/v2\/types\/post"}],"author":[{"embeddable":true,"href":"https:\/\/ambbelgrado.esteri.it\/sr\/wp-json\/wp\/v2\/users\/1"}],"replies":[{"embeddable":true,"href":"https:\/\/ambbelgrado.esteri.it\/sr\/wp-json\/wp\/v2\/comments?post=7804"}],"version-history":[{"count":0,"href":"https:\/\/ambbelgrado.esteri.it\/sr\/wp-json\/wp\/v2\/posts\/7804\/revisions"}],"wp:attachment":[{"href":"https:\/\/ambbelgrado.esteri.it\/sr\/wp-json\/wp\/v2\/media?parent=7804"}],"wp:term":[{"taxonomy":"post_tag","embeddable":true,"href":"https:\/\/ambbelgrado.esteri.it\/sr\/wp-json\/wp\/v2\/tags?post=7804"}],"curies":[{"name":"wp","href":"https:\/\/api.w.org\/{rel}","templated":true}]}}